{"id":186656,"date":"2021-08-10T12:07:57","date_gmt":"2021-08-10T15:07:57","guid":{"rendered":"https:\/\/diarioregionaldigital.com.br\/?p=186656"},"modified":"2021-08-10T12:07:57","modified_gmt":"2021-08-10T15:07:57","slug":"policia-militar-prende-autor-por-trafico-de-drogas-no-bairro-benfica","status":"publish","type":"post","link":"https:\/\/diarioregionaldigital.com.br\/?p=186656","title":{"rendered":"Pol\u00edcia Militar prende autor por tr\u00e1fico de drogas no bairro Benfica"},"content":{"rendered":"<p>Na noite desta segunda-feira, 09ago21 por volta das 22h56min, durante desencadeamento de Opera\u00e7\u00e3o Batida Policial pela Pol\u00edcia Militar na Rua Vitorio Perobelli no bairro Benfica, um suspeito foi abordado com certa quantidade de coca\u00edna. Realizadas as dilig\u00eancias at\u00e9 a sua resid\u00eancia nas media\u00e7\u00f5es da abordagem, a varredura domiciliar foi feita, tendo sido apreendido ao todo, o material descrito: 03 por\u00e7\u00f5es de coca\u00edna, R$ 324,00 em dinheiro, 01 celular, 01 balan\u00e7a de precis\u00e3o e 03 kg de micro nutriente \u00e1cido mais 16 pomadas de lidoca\u00edna (utilizados para fabricar coca\u00edna). O homem de 39 anos foi preso e conduzido \u00e0 delegacia juntamente com o material apreendido.<\/p>\n","protected":false},"excerpt":{"rendered":"<p>Na noite desta segunda-feira, 09ago21 por volta das 22h56min, durante desencadeamento de Opera\u00e7\u00e3o Batida Policial pela Pol\u00edcia Militar na Rua Vitorio Perobelli no bairro Benfica, um suspeito foi abordado com certa quantidade de coca\u00edna. Realizadas as dilig\u00eancias at\u00e9 a sua resid\u00eancia nas media\u00e7\u00f5es da abordagem, a varredura domiciliar foi feita, tendo sido apreendido ao todo, [&hellip;]<\/p>\n","protected":false},"author":246,"featured_media":186658,"comment_status":"closed","ping_status":"closed","sticky":false,"template":"","format":"standard","meta":{"footnotes":""},"categories":[301,1229],"tags":[],"class_list":["post-186656","post","type-post","status-publish","format-standard","has-post-thumbnail","hentry","category-artigos-policiais","category-policial"],"_links":{"self":[{"href":"https:\/\/diarioregionaldigital.com.br\/index.php?rest_route=\/wp\/v2\/posts\/186656","targetHints":{"allow":["GET"]}}],"collection":[{"href":"https:\/\/diarioregionaldigital.com.br\/index.php?rest_route=\/wp\/v2\/posts"}],"about":[{"href":"https:\/\/diarioregionaldigital.com.br\/index.php?rest_route=\/wp\/v2\/types\/post"}],"author":[{"embeddable":true,"href":"https:\/\/diarioregionaldigital.com.br\/index.php?rest_route=\/wp\/v2\/users\/246"}],"replies":[{"embeddable":true,"href":"https:\/\/diarioregionaldigital.com.br\/index.php?rest_route=%2Fwp%2Fv2%2Fcomments&post=186656"}],"version-history":[{"count":1,"href":"https:\/\/diarioregionaldigital.com.br\/index.php?rest_route=\/wp\/v2\/posts\/186656\/revisions"}],"predecessor-version":[{"id":186659,"href":"https:\/\/diarioregionaldigital.com.br\/index.php?rest_route=\/wp\/v2\/posts\/186656\/revisions\/186659"}],"wp:featuredmedia":[{"embeddable":true,"href":"https:\/\/diarioregionaldigital.com.br\/index.php?rest_route=\/wp\/v2\/media\/186658"}],"wp:attachment":[{"href":"https:\/\/diarioregionaldigital.com.br\/index.php?rest_route=%2Fwp%2Fv2%2Fmedia&parent=186656"}],"wp:term":[{"taxonomy":"category","embeddable":true,"href":"https:\/\/diarioregionaldigital.com.br\/index.php?rest_route=%2Fwp%2Fv2%2Fcategories&post=186656"},{"taxonomy":"post_tag","embeddable":true,"href":"https:\/\/diarioregionaldigital.com.br\/index.php?rest_route=%2Fwp%2Fv2%2Ftags&post=186656"}],"curies":[{"name":"wp","href":"https:\/\/api.w.org\/{rel}","templated":true}]}}