{"id":186649,"date":"2021-08-10T11:52:15","date_gmt":"2021-08-10T14:52:15","guid":{"rendered":"https:\/\/diarioregionaldigital.com.br\/?p=186649"},"modified":"2021-08-10T11:52:15","modified_gmt":"2021-08-10T14:52:15","slug":"policia-militar-apreende-menor-infrator-e-drogas-no-bairro-sao-pedro","status":"publish","type":"post","link":"https:\/\/diarioregionaldigital.com.br\/?p=186649","title":{"rendered":"Pol\u00edcia Militar apreende menor infrator e drogas no bairro S\u00e3o Pedro"},"content":{"rendered":"<p>No in\u00edcio da tarde desta segunda-feira, 09ago21 por volta das 10h57min, durante desencadeamento de Opera\u00e7\u00e3o Policial, a Pol\u00edcia Militar se deslocou at\u00e9 a Rua Pedro Henrique Krambeck no bairro S\u00e3o Pedro, para verifica\u00e7\u00e3o de informa\u00e7\u00f5es referente ao tr\u00e1fico de drogas. No local o fato foi confirmado e apesar da tentativa de fuga, um adolescente infrator foi apreendido. No percurso o menor de 16 anos dispensou uma sacola em um terreno, tendo sido apreendida com os seguintes materiais: 22 pedras de crack, 42 buchas de maconha, 02 papelotes de coca\u00edna, R$ 175,00 em dinheiro e 02 aparelhos celulares.<\/p>\n","protected":false},"excerpt":{"rendered":"<p>No in\u00edcio da tarde desta segunda-feira, 09ago21 por volta das 10h57min, durante desencadeamento de Opera\u00e7\u00e3o Policial, a Pol\u00edcia Militar se deslocou at\u00e9 a Rua Pedro Henrique Krambeck no bairro S\u00e3o Pedro, para verifica\u00e7\u00e3o de informa\u00e7\u00f5es referente ao tr\u00e1fico de drogas. No local o fato foi confirmado e apesar da tentativa de fuga, um adolescente infrator [&hellip;]<\/p>\n","protected":false},"author":246,"featured_media":186650,"comment_status":"closed","ping_status":"closed","sticky":false,"template":"","format":"standard","meta":{"footnotes":""},"categories":[301,1229],"tags":[],"class_list":["post-186649","post","type-post","status-publish","format-standard","has-post-thumbnail","hentry","category-artigos-policiais","category-policial"],"_links":{"self":[{"href":"https:\/\/diarioregionaldigital.com.br\/index.php?rest_route=\/wp\/v2\/posts\/186649","targetHints":{"allow":["GET"]}}],"collection":[{"href":"https:\/\/diarioregionaldigital.com.br\/index.php?rest_route=\/wp\/v2\/posts"}],"about":[{"href":"https:\/\/diarioregionaldigital.com.br\/index.php?rest_route=\/wp\/v2\/types\/post"}],"author":[{"embeddable":true,"href":"https:\/\/diarioregionaldigital.com.br\/index.php?rest_route=\/wp\/v2\/users\/246"}],"replies":[{"embeddable":true,"href":"https:\/\/diarioregionaldigital.com.br\/index.php?rest_route=%2Fwp%2Fv2%2Fcomments&post=186649"}],"version-history":[{"count":1,"href":"https:\/\/diarioregionaldigital.com.br\/index.php?rest_route=\/wp\/v2\/posts\/186649\/revisions"}],"predecessor-version":[{"id":186651,"href":"https:\/\/diarioregionaldigital.com.br\/index.php?rest_route=\/wp\/v2\/posts\/186649\/revisions\/186651"}],"wp:featuredmedia":[{"embeddable":true,"href":"https:\/\/diarioregionaldigital.com.br\/index.php?rest_route=\/wp\/v2\/media\/186650"}],"wp:attachment":[{"href":"https:\/\/diarioregionaldigital.com.br\/index.php?rest_route=%2Fwp%2Fv2%2Fmedia&parent=186649"}],"wp:term":[{"taxonomy":"category","embeddable":true,"href":"https:\/\/diarioregionaldigital.com.br\/index.php?rest_route=%2Fwp%2Fv2%2Fcategories&post=186649"},{"taxonomy":"post_tag","embeddable":true,"href":"https:\/\/diarioregionaldigital.com.br\/index.php?rest_route=%2Fwp%2Fv2%2Ftags&post=186649"}],"curies":[{"name":"wp","href":"https:\/\/api.w.org\/{rel}","templated":true}]}}