{"id":186645,"date":"2021-08-10T11:46:21","date_gmt":"2021-08-10T14:46:21","guid":{"rendered":"https:\/\/diarioregionaldigital.com.br\/?p=186645"},"modified":"2021-08-10T11:46:21","modified_gmt":"2021-08-10T14:46:21","slug":"estado-notifica-mais-de-4-mil-novos-casos-por-covid-19","status":"publish","type":"post","link":"https:\/\/diarioregionaldigital.com.br\/?p=186645","title":{"rendered":"Estado notifica mais de 4 mil novos casos por Covid-19"},"content":{"rendered":"<p>O novo boletim epidemiol\u00f3gico publicado nesta ter\u00e7a-feira (10), pela Secretaria de Estado da Sa\u00fade de Minas Gerais (SES-MG), informa que nas \u00faltimas 24h, o estado registrou mais 4.133 novos casos por Coronav\u00edrus, totalizando 2.003.011 pessoas infectadas. Conforme o levantamento, foram contabilizadas mais 19 mortes, acumulando 51.362 vidas perdidas.<\/p>\n<p>Al\u00e9m disso, 1.901.904 pacientes est\u00e3o recuperados da doen\u00e7a, representando 91,8 % dos casos. Quanto aos dados de hospitaliza\u00e7\u00e3o, 177.477 pacientes estiveram internados e 1.825.534 estiveram em isolamento domiciliar. At\u00e9 o momento, 10.819.499 pessoas receberam a primeira dose da vacina, 4.201.057 a segunda e 459.878 receberam a dose \u00fanica.<\/p>\n","protected":false},"excerpt":{"rendered":"<p>O novo boletim epidemiol\u00f3gico publicado nesta ter\u00e7a-feira (10), pela Secretaria de Estado da Sa\u00fade de Minas Gerais (SES-MG), informa que nas \u00faltimas 24h, o estado registrou mais 4.133 novos casos por Coronav\u00edrus, totalizando 2.003.011 pessoas infectadas. Conforme o levantamento, foram contabilizadas mais 19 mortes, acumulando 51.362 vidas perdidas. Al\u00e9m disso, 1.901.904 pacientes est\u00e3o recuperados da [&hellip;]<\/p>\n","protected":false},"author":246,"featured_media":186646,"comment_status":"closed","ping_status":"closed","sticky":false,"template":"","format":"standard","meta":{"footnotes":""},"categories":[252],"tags":[],"class_list":["post-186645","post","type-post","status-publish","format-standard","has-post-thumbnail","hentry","category-regiao"],"_links":{"self":[{"href":"https:\/\/diarioregionaldigital.com.br\/index.php?rest_route=\/wp\/v2\/posts\/186645","targetHints":{"allow":["GET"]}}],"collection":[{"href":"https:\/\/diarioregionaldigital.com.br\/index.php?rest_route=\/wp\/v2\/posts"}],"about":[{"href":"https:\/\/diarioregionaldigital.com.br\/index.php?rest_route=\/wp\/v2\/types\/post"}],"author":[{"embeddable":true,"href":"https:\/\/diarioregionaldigital.com.br\/index.php?rest_route=\/wp\/v2\/users\/246"}],"replies":[{"embeddable":true,"href":"https:\/\/diarioregionaldigital.com.br\/index.php?rest_route=%2Fwp%2Fv2%2Fcomments&post=186645"}],"version-history":[{"count":2,"href":"https:\/\/diarioregionaldigital.com.br\/index.php?rest_route=\/wp\/v2\/posts\/186645\/revisions"}],"predecessor-version":[{"id":186648,"href":"https:\/\/diarioregionaldigital.com.br\/index.php?rest_route=\/wp\/v2\/posts\/186645\/revisions\/186648"}],"wp:featuredmedia":[{"embeddable":true,"href":"https:\/\/diarioregionaldigital.com.br\/index.php?rest_route=\/wp\/v2\/media\/186646"}],"wp:attachment":[{"href":"https:\/\/diarioregionaldigital.com.br\/index.php?rest_route=%2Fwp%2Fv2%2Fmedia&parent=186645"}],"wp:term":[{"taxonomy":"category","embeddable":true,"href":"https:\/\/diarioregionaldigital.com.br\/index.php?rest_route=%2Fwp%2Fv2%2Fcategories&post=186645"},{"taxonomy":"post_tag","embeddable":true,"href":"https:\/\/diarioregionaldigital.com.br\/index.php?rest_route=%2Fwp%2Fv2%2Ftags&post=186645"}],"curies":[{"name":"wp","href":"https:\/\/api.w.org\/{rel}","templated":true}]}}