{"id":186621,"date":"2021-08-09T18:06:33","date_gmt":"2021-08-09T21:06:33","guid":{"rendered":"https:\/\/diarioregionaldigital.com.br\/?p=186621"},"modified":"2021-08-09T18:06:33","modified_gmt":"2021-08-09T21:06:33","slug":"operacao-boniteza-prossegue-com-servicos-de-zeladoria-em-escolas-municipais","status":"publish","type":"post","link":"https:\/\/diarioregionaldigital.com.br\/?p=186621","title":{"rendered":"Opera\u00e7\u00e3o Boniteza prossegue com servi\u00e7os de zeladoria em Escolas Municipais"},"content":{"rendered":"<p>Seguindo o cronograma de atua\u00e7\u00e3o da semana e alinhado \u00e0s a\u00e7\u00f5es da Opera\u00e7\u00e3o Boniteza da Prefeitura de Juiz de Fora (PJF), equipes do Departamento de Parques e Jardins da Empav, prosseguiram com servi\u00e7os de zeladoria nas Escolas Municipais da cidade. Nesta segunda-feira, 9, foram feitos servi\u00e7os de poda de grama e limpeza na Escola Municipal Cosette de Alencar, no bairro Santa Catarina; na Escola Municipal Professor Afonso Maria de Paiva, no Santa Cruz; e na Escola Municipal Professora Thereza Falci, no bairro Santa L\u00facia.<\/p>\n<p>Segundo informa\u00e7\u00f5es do site da Prefeitura de Juiz de Fora, al\u00e9m dos servi\u00e7os de limpeza, equipes realizaram poda de \u00e1rvores na Escola Municipal Elp\u00eddio Corr\u00eaa Farias, no Borboleta; na Avenida Brasil, trecho sentido Po\u00e7o Rico; e na Estrada Joaquim Vicente Guedes, no bairro Graminha.<\/p>\n<p>Para solicitar estes e outros servi\u00e7os, entre em contato com o Gabinete de A\u00e7\u00e3o e Di\u00e1logo Comunit\u00e1rio, que recebe e organiza pedidos relativos a interven\u00e7\u00f5es e melhorias urbanas. O contato pode ser feito atrav\u00e9s de liga\u00e7\u00e3o telef\u00f4nica pelo n\u00famero (32) 3690-7241 ou via WhatsApp, utilizando o mesmo n\u00famero.<\/p>\n","protected":false},"excerpt":{"rendered":"<p>Seguindo o cronograma de atua\u00e7\u00e3o da semana e alinhado \u00e0s a\u00e7\u00f5es da Opera\u00e7\u00e3o Boniteza da Prefeitura de Juiz de Fora (PJF), equipes do Departamento de Parques e Jardins da Empav, prosseguiram com servi\u00e7os de zeladoria nas Escolas Municipais da cidade. Nesta segunda-feira, 9, foram feitos servi\u00e7os de poda de grama e limpeza na Escola Municipal [&hellip;]<\/p>\n","protected":false},"author":246,"featured_media":186622,"comment_status":"closed","ping_status":"closed","sticky":false,"template":"","format":"standard","meta":{"footnotes":""},"categories":[253,436,439],"tags":[],"class_list":["post-186621","post","type-post","status-publish","format-standard","has-post-thumbnail","hentry","category-cidade","category-destaque-da-semana","category-ultima-hora"],"_links":{"self":[{"href":"https:\/\/diarioregionaldigital.com.br\/index.php?rest_route=\/wp\/v2\/posts\/186621","targetHints":{"allow":["GET"]}}],"collection":[{"href":"https:\/\/diarioregionaldigital.com.br\/index.php?rest_route=\/wp\/v2\/posts"}],"about":[{"href":"https:\/\/diarioregionaldigital.com.br\/index.php?rest_route=\/wp\/v2\/types\/post"}],"author":[{"embeddable":true,"href":"https:\/\/diarioregionaldigital.com.br\/index.php?rest_route=\/wp\/v2\/users\/246"}],"replies":[{"embeddable":true,"href":"https:\/\/diarioregionaldigital.com.br\/index.php?rest_route=%2Fwp%2Fv2%2Fcomments&post=186621"}],"version-history":[{"count":1,"href":"https:\/\/diarioregionaldigital.com.br\/index.php?rest_route=\/wp\/v2\/posts\/186621\/revisions"}],"predecessor-version":[{"id":186623,"href":"https:\/\/diarioregionaldigital.com.br\/index.php?rest_route=\/wp\/v2\/posts\/186621\/revisions\/186623"}],"wp:featuredmedia":[{"embeddable":true,"href":"https:\/\/diarioregionaldigital.com.br\/index.php?rest_route=\/wp\/v2\/media\/186622"}],"wp:attachment":[{"href":"https:\/\/diarioregionaldigital.com.br\/index.php?rest_route=%2Fwp%2Fv2%2Fmedia&parent=186621"}],"wp:term":[{"taxonomy":"category","embeddable":true,"href":"https:\/\/diarioregionaldigital.com.br\/index.php?rest_route=%2Fwp%2Fv2%2Fcategories&post=186621"},{"taxonomy":"post_tag","embeddable":true,"href":"https:\/\/diarioregionaldigital.com.br\/index.php?rest_route=%2Fwp%2Fv2%2Ftags&post=186621"}],"curies":[{"name":"wp","href":"https:\/\/api.w.org\/{rel}","templated":true}]}}