{"id":186618,"date":"2021-08-09T18:04:35","date_gmt":"2021-08-09T21:04:35","guid":{"rendered":"https:\/\/diarioregionaldigital.com.br\/?p=186618"},"modified":"2021-08-09T18:04:35","modified_gmt":"2021-08-09T21:04:35","slug":"granja-no-bairro-filgueiras-recebe-multa-no-valor-de-50-mil-reais","status":"publish","type":"post","link":"https:\/\/diarioregionaldigital.com.br\/?p=186618","title":{"rendered":"Granja no bairro Filgueiras recebe multa no valor de 50 mil reais"},"content":{"rendered":"<p>Neste domingo, 8, a opera\u00e7\u00e3o \u201cFiscaliza\u00e7\u00e3o pela Vida\u201d flagrou evento clandestino sendo realizado em uma granja no bairro Filgueiras. O propriet\u00e1rio do local recebeu um auto de infra\u00e7\u00e3o no valor de R$ 50.581,6\u202c0.<\/p>\n<p>Segundo informa\u00e7\u00f5es do site da Prefeitura de Juiz de Fora, a granja est\u00e1 interditada desde a semana passada por ter sediado uma festa irregular no s\u00e1bado, 31. Na ocasi\u00e3o, al\u00e9m do auto de interdi\u00e7\u00e3o para o local, os fiscais de posturas da Secretaria de Sustentabilidade em Meio Ambiente e Atividades Urbanas (Sesmaur) emitiram dois autos de infra\u00e7\u00e3o: um para o propriet\u00e1rio e outro &#8211; no valor de R$ 20 mil &#8211; para o organizador do evento. Neste final de semana, em fun\u00e7\u00e3o do descumprimento da interdi\u00e7\u00e3o, a multa emitida para o propriet\u00e1rio foi em valor superior a R$ 50 mil. Se for flagrado novo descumprimento, ser\u00e1 emitido outro auto de infra\u00e7\u00e3o no mesmo valor.<\/p>\n<p>Durante todo o final de semana, a equipe de fiscaliza\u00e7\u00e3o vistoriou 92 estabelecimentos. Entre a noite de sexta-feira, 6 e de domingo, 8, foram emitidos dois autos de notifica\u00e7\u00e3o e dois autos de infra\u00e7\u00e3o para estabelecimentos que descumpriram os protocolos sanit\u00e1rios de combate \u00e0 Covid-19. Na sexta-feira, 6, um bar localizado em S\u00e3o Mateus foi autuado por funcionar ap\u00f3s o hor\u00e1rio permitido.<\/p>\n","protected":false},"excerpt":{"rendered":"<p>Neste domingo, 8, a opera\u00e7\u00e3o \u201cFiscaliza\u00e7\u00e3o pela Vida\u201d flagrou evento clandestino sendo realizado em uma granja no bairro Filgueiras. O propriet\u00e1rio do local recebeu um auto de infra\u00e7\u00e3o no valor de R$ 50.581,6\u202c0. Segundo informa\u00e7\u00f5es do site da Prefeitura de Juiz de Fora, a granja est\u00e1 interditada desde a semana passada por ter sediado uma [&hellip;]<\/p>\n","protected":false},"author":246,"featured_media":186619,"comment_status":"closed","ping_status":"closed","sticky":false,"template":"","format":"standard","meta":{"footnotes":""},"categories":[253,436,439],"tags":[],"class_list":["post-186618","post","type-post","status-publish","format-standard","has-post-thumbnail","hentry","category-cidade","category-destaque-da-semana","category-ultima-hora"],"_links":{"self":[{"href":"https:\/\/diarioregionaldigital.com.br\/index.php?rest_route=\/wp\/v2\/posts\/186618","targetHints":{"allow":["GET"]}}],"collection":[{"href":"https:\/\/diarioregionaldigital.com.br\/index.php?rest_route=\/wp\/v2\/posts"}],"about":[{"href":"https:\/\/diarioregionaldigital.com.br\/index.php?rest_route=\/wp\/v2\/types\/post"}],"author":[{"embeddable":true,"href":"https:\/\/diarioregionaldigital.com.br\/index.php?rest_route=\/wp\/v2\/users\/246"}],"replies":[{"embeddable":true,"href":"https:\/\/diarioregionaldigital.com.br\/index.php?rest_route=%2Fwp%2Fv2%2Fcomments&post=186618"}],"version-history":[{"count":1,"href":"https:\/\/diarioregionaldigital.com.br\/index.php?rest_route=\/wp\/v2\/posts\/186618\/revisions"}],"predecessor-version":[{"id":186620,"href":"https:\/\/diarioregionaldigital.com.br\/index.php?rest_route=\/wp\/v2\/posts\/186618\/revisions\/186620"}],"wp:featuredmedia":[{"embeddable":true,"href":"https:\/\/diarioregionaldigital.com.br\/index.php?rest_route=\/wp\/v2\/media\/186619"}],"wp:attachment":[{"href":"https:\/\/diarioregionaldigital.com.br\/index.php?rest_route=%2Fwp%2Fv2%2Fmedia&parent=186618"}],"wp:term":[{"taxonomy":"category","embeddable":true,"href":"https:\/\/diarioregionaldigital.com.br\/index.php?rest_route=%2Fwp%2Fv2%2Fcategories&post=186618"},{"taxonomy":"post_tag","embeddable":true,"href":"https:\/\/diarioregionaldigital.com.br\/index.php?rest_route=%2Fwp%2Fv2%2Ftags&post=186618"}],"curies":[{"name":"wp","href":"https:\/\/api.w.org\/{rel}","templated":true}]}}