{"id":186614,"date":"2021-08-09T18:01:28","date_gmt":"2021-08-09T21:01:28","guid":{"rendered":"https:\/\/diarioregionaldigital.com.br\/?p=186614"},"modified":"2021-08-09T18:01:28","modified_gmt":"2021-08-09T21:01:28","slug":"faixas-de-pedestres-com-destaque-vermelho-e-aprovada-por-motoristas-abordados-em-acao-educativa","status":"publish","type":"post","link":"https:\/\/diarioregionaldigital.com.br\/?p=186614","title":{"rendered":"Faixas de pedestres com destaque vermelho \u00e9 aprovada por motoristas abordados em a\u00e7\u00e3o educativa\u00a0"},"content":{"rendered":"<p>A Prefeitura de Juiz de Fora (PJF) celebrou, nesta segunda-feira, 9, o Dia Mundial do Pedestre com uma a\u00e7\u00e3o de conscientiza\u00e7\u00e3o realizada pelos agentes de tr\u00e2nsito da Secretaria de Mobilidade Urbana (SMU), com a participa\u00e7\u00e3o dos guardas municipais da Secretaria de Seguran\u00e7a Urbana e Cidadania (Sesuc). Segundo informa\u00e7\u00f5es do site da Prefeitura de Juiz de Fora, os motoristas abordados no cruzamento da Rua Batista de Oliveira com Avenida Get\u00falio Vargas, no Centro, receberam m\u00e1scaras de prote\u00e7\u00e3o e participaram de uma pesquisa de opini\u00e3o sobre o novo destaque vermelho pintado nas 22 faixas de pedestres instaladas em todas as vias entre as avenidas Get\u00falio Vargas e Francisco Bernardino. No total, 95% dos condutores questionados responderam que aprovam a nova pintura.<\/p>\n<p>Segundo relatos dos agentes de tr\u00e2nsito que realizaram a pesquisa, diversos motoristas fizeram observa\u00e7\u00f5es positivas sobre o destaque vermelho nas faixas , como \u201cmelhora muito a visibilidade\u201d, \u201c\u00e9 um sinal de alerta\u201d e \u201co vermelho demonstra que temos que parar\u201d. O Dia Mundial do Pedestre \u00e9 comemorado em 8 de agosto. O objetivo da revitaliza\u00e7\u00e3o da pintura \u00e9 aumentar a seguran\u00e7a para a travessia dos pedestres, refor\u00e7ando o alerta para os motoristas. Em abril deste ano, a SMU j\u00e1 havia revitalizado a sinaliza\u00e7\u00e3o horizontal da Avenida Get\u00falio Vargas. Outros pontos da cidade tamb\u00e9m v\u00e3o ganhar futuramente a nova pintura das faixas na cor vermelha.<\/p>\n","protected":false},"excerpt":{"rendered":"<p>A Prefeitura de Juiz de Fora (PJF) celebrou, nesta segunda-feira, 9, o Dia Mundial do Pedestre com uma a\u00e7\u00e3o de conscientiza\u00e7\u00e3o realizada pelos agentes de tr\u00e2nsito da Secretaria de Mobilidade Urbana (SMU), com a participa\u00e7\u00e3o dos guardas municipais da Secretaria de Seguran\u00e7a Urbana e Cidadania (Sesuc). Segundo informa\u00e7\u00f5es do site da Prefeitura de Juiz de [&hellip;]<\/p>\n","protected":false},"author":246,"featured_media":186615,"comment_status":"closed","ping_status":"closed","sticky":false,"template":"","format":"standard","meta":{"footnotes":""},"categories":[253,436,439],"tags":[],"class_list":["post-186614","post","type-post","status-publish","format-standard","has-post-thumbnail","hentry","category-cidade","category-destaque-da-semana","category-ultima-hora"],"_links":{"self":[{"href":"https:\/\/diarioregionaldigital.com.br\/index.php?rest_route=\/wp\/v2\/posts\/186614","targetHints":{"allow":["GET"]}}],"collection":[{"href":"https:\/\/diarioregionaldigital.com.br\/index.php?rest_route=\/wp\/v2\/posts"}],"about":[{"href":"https:\/\/diarioregionaldigital.com.br\/index.php?rest_route=\/wp\/v2\/types\/post"}],"author":[{"embeddable":true,"href":"https:\/\/diarioregionaldigital.com.br\/index.php?rest_route=\/wp\/v2\/users\/246"}],"replies":[{"embeddable":true,"href":"https:\/\/diarioregionaldigital.com.br\/index.php?rest_route=%2Fwp%2Fv2%2Fcomments&post=186614"}],"version-history":[{"count":2,"href":"https:\/\/diarioregionaldigital.com.br\/index.php?rest_route=\/wp\/v2\/posts\/186614\/revisions"}],"predecessor-version":[{"id":186617,"href":"https:\/\/diarioregionaldigital.com.br\/index.php?rest_route=\/wp\/v2\/posts\/186614\/revisions\/186617"}],"wp:featuredmedia":[{"embeddable":true,"href":"https:\/\/diarioregionaldigital.com.br\/index.php?rest_route=\/wp\/v2\/media\/186615"}],"wp:attachment":[{"href":"https:\/\/diarioregionaldigital.com.br\/index.php?rest_route=%2Fwp%2Fv2%2Fmedia&parent=186614"}],"wp:term":[{"taxonomy":"category","embeddable":true,"href":"https:\/\/diarioregionaldigital.com.br\/index.php?rest_route=%2Fwp%2Fv2%2Fcategories&post=186614"},{"taxonomy":"post_tag","embeddable":true,"href":"https:\/\/diarioregionaldigital.com.br\/index.php?rest_route=%2Fwp%2Fv2%2Ftags&post=186614"}],"curies":[{"name":"wp","href":"https:\/\/api.w.org\/{rel}","templated":true}]}}