{"id":186559,"date":"2021-08-08T06:00:56","date_gmt":"2021-08-08T09:00:56","guid":{"rendered":"https:\/\/diarioregionaldigital.com.br\/?p=186559"},"modified":"2021-08-06T23:50:19","modified_gmt":"2021-08-07T02:50:19","slug":"o-inesquecivel-irmao-odilon","status":"publish","type":"post","link":"https:\/\/diarioregionaldigital.com.br\/?p=186559","title":{"rendered":"O Inesquec\u00edvel Irm\u00e3o Odilon"},"content":{"rendered":"<p style=\"text-align: center;\"><strong>O Inesquec\u00edvel Irm\u00e3o Odilon<\/strong><\/p>\n<p>Tive na vida irm\u00e3os (tr\u00eas) maravilhosos, o Sylvio, o Odilon e o J\u00falio. Todos mais velhos, que nasceram ainda na Pol\u00f4nia, mas cedo vieram para o Brasil, ajudando os meus pais nas tarefas de educa\u00e7\u00e3o dos irm\u00e3os mais mo\u00e7os, o Arnaldo e a Rachel. N\u00e3o os decepcionei, fazendo do estudo a raz\u00e3o de ser \u00a0da minha \u00a0vida.<\/p>\n<p>O \u00faltimo dos tr\u00eas irm\u00e3os, j\u00e1 na idade de 94 anos, faleceu v\u00edtima da Covid-19. Senti muito a sua falta e, apesar de todas as restri\u00e7\u00f5es sanit\u00e1rias, compareci \u00e0 cerim\u00f4nia de inaugura\u00e7\u00e3o da sua sepultura, no Cemit\u00e9rio Israelita de Vilar dos Teles. Foi muito feliz a frase cunhada pelas suas tr\u00eas filhas: \u201cPor onde andou, soou o di\u00e1logo, a arte e a cultura.\u201d S\u00edntese admir\u00e1vel do que foi a sua vida, como profissional do Direito e como exemplar funcion\u00e1rio do Banco do Brasil.<\/p>\n<p>No dia da cerim\u00f4nia, o rabino pediu que a gente dirigisse \u00a0algumas palavras aos presentes. N\u00e3o podia recusar. Aproveitei para lembrar de uma das visitas feitas ao Estado de Israel, quando conheci a minha tia-av\u00f3, Mime Reisel, que tinha a cara da Golda\u00a0 Meir. Ela me disse uma frase inesquec\u00edvel: \u201cVoc\u00ea, da nova gera\u00e7\u00e3o, deve sempre se lembrar de que a nossa fam\u00edlia descende diretamente do rei Davi.\u201d Existe honra maior? E um compromisso comportamental, do qual n\u00e3o podemos dissociar.<\/p>\n<p>Foi o que falei, no sub\u00farbio carioca, recordando de onde viemos. E ao mesmo tempo prometendo a\u00e7\u00f5es que estejam sempre coerentes com essa forma\u00e7\u00e3o. \u00c9 a hora em que n\u00e3o importam \u00a0a riqueza nem \u00a0os \u00a0bens materiais.<\/p>\n<p>Odilon foi um l\u00edder sindical de proemin\u00eancia. Gra\u00e7as aos seus contatos no jornalismo, especialmente na rec\u00e9m-lan\u00e7ada \u201cUltima Hora\u201d, pude arranjar uma vaga de rep\u00f3rter no jornal de Samuel Wainer, valendo-me dos seus conhecimentos. Passei a ser rep\u00f3rter-esportivo, fazendo a cr\u00f4nica dos jogos de domingo, dentro e fora do Maracan\u00e3. Assim fiz carreira, mas nunca esqueci de agradecer ao mano querido pela providencial apresenta\u00e7\u00e3o. E retribu\u00ed como pude, depois apresentando o doce Odilon ao Jo\u00e3o Pinheiro Neto, meu amigo da Manchete, quando foi designado ministro do Trabalho pelo presidente Jo\u00e3o Goulart. Assim ele chegou ao topo da carreira de advo gado do Banco do Brasil, gra\u00e7as \u00e0 nossa \u00a0interfer\u00eancia. S\u00f3 se faz isso por quem verdadeiramente merece.<\/p>\n","protected":false},"excerpt":{"rendered":"<p>O Inesquec\u00edvel Irm\u00e3o Odilon Tive na vida irm\u00e3os (tr\u00eas) maravilhosos, o Sylvio, o Odilon e o J\u00falio. Todos mais velhos, que nasceram ainda na Pol\u00f4nia, mas cedo vieram para o Brasil, ajudando os meus pais nas tarefas de educa\u00e7\u00e3o dos irm\u00e3os mais mo\u00e7os, o Arnaldo e a Rachel. N\u00e3o os decepcionei, fazendo do estudo a [&hellip;]<\/p>\n","protected":false},"author":96,"featured_media":0,"comment_status":"closed","ping_status":"closed","sticky":false,"template":"","format":"standard","meta":{"footnotes":""},"categories":[275],"tags":[],"class_list":["post-186559","post","type-post","status-publish","format-standard","hentry","category-arnaldo-niskier"],"_links":{"self":[{"href":"https:\/\/diarioregionaldigital.com.br\/index.php?rest_route=\/wp\/v2\/posts\/186559","targetHints":{"allow":["GET"]}}],"collection":[{"href":"https:\/\/diarioregionaldigital.com.br\/index.php?rest_route=\/wp\/v2\/posts"}],"about":[{"href":"https:\/\/diarioregionaldigital.com.br\/index.php?rest_route=\/wp\/v2\/types\/post"}],"author":[{"embeddable":true,"href":"https:\/\/diarioregionaldigital.com.br\/index.php?rest_route=\/wp\/v2\/users\/96"}],"replies":[{"embeddable":true,"href":"https:\/\/diarioregionaldigital.com.br\/index.php?rest_route=%2Fwp%2Fv2%2Fcomments&post=186559"}],"version-history":[{"count":1,"href":"https:\/\/diarioregionaldigital.com.br\/index.php?rest_route=\/wp\/v2\/posts\/186559\/revisions"}],"predecessor-version":[{"id":186560,"href":"https:\/\/diarioregionaldigital.com.br\/index.php?rest_route=\/wp\/v2\/posts\/186559\/revisions\/186560"}],"wp:attachment":[{"href":"https:\/\/diarioregionaldigital.com.br\/index.php?rest_route=%2Fwp%2Fv2%2Fmedia&parent=186559"}],"wp:term":[{"taxonomy":"category","embeddable":true,"href":"https:\/\/diarioregionaldigital.com.br\/index.php?rest_route=%2Fwp%2Fv2%2Fcategories&post=186559"},{"taxonomy":"post_tag","embeddable":true,"href":"https:\/\/diarioregionaldigital.com.br\/index.php?rest_route=%2Fwp%2Fv2%2Ftags&post=186559"}],"curies":[{"name":"wp","href":"https:\/\/api.w.org\/{rel}","templated":true}]}}