{"id":186491,"date":"2021-08-06T09:47:30","date_gmt":"2021-08-06T12:47:30","guid":{"rendered":"https:\/\/diarioregionaldigital.com.br\/?p=186491"},"modified":"2021-08-06T09:47:30","modified_gmt":"2021-08-06T12:47:30","slug":"policia-militar-apreende-menores-infratores-com-drogas-no-bairro-vila-ideal","status":"publish","type":"post","link":"https:\/\/diarioregionaldigital.com.br\/?p=186491","title":{"rendered":"Pol\u00edcia Militar apreende menores infratores com drogas no bairro Vila Ideal"},"content":{"rendered":"<p>Na noite de quinta-feira, 05ago21 por volta das 20h25min, durante Opera\u00e7\u00e3o Policial foi repassado informa\u00e7\u00f5es por populares diretamente a Pol\u00edcia Militar, sobre um crime de tr\u00e1fico de drogas acontecendo na Avenida Francisco Valadares no bairro Vila Ideal. No local, dois indiv\u00edduos em atitude suspeita foram visualizados pelos militares, colocando uma sacola dentro de um buraco em um muro. Procedida a abordagem e as buscas, foram localizados e apreendidos todos os materiais que seguem: 110 buchas de maconha, 02 aparelhos de telefonia celular e R$ 1.141,00 em dinheiro. Os dois abordados ap\u00f3s identificados menores infratores, apresentando a idade de 14 e 17 anos, foram apreendidos e conduzidos \u00e0 Delegacia.<\/p>\n","protected":false},"excerpt":{"rendered":"<p>Na noite de quinta-feira, 05ago21 por volta das 20h25min, durante Opera\u00e7\u00e3o Policial foi repassado informa\u00e7\u00f5es por populares diretamente a Pol\u00edcia Militar, sobre um crime de tr\u00e1fico de drogas acontecendo na Avenida Francisco Valadares no bairro Vila Ideal. No local, dois indiv\u00edduos em atitude suspeita foram visualizados pelos militares, colocando uma sacola dentro de um buraco [&hellip;]<\/p>\n","protected":false},"author":246,"featured_media":186492,"comment_status":"closed","ping_status":"closed","sticky":false,"template":"","format":"standard","meta":{"footnotes":""},"categories":[301,1229],"tags":[],"class_list":["post-186491","post","type-post","status-publish","format-standard","has-post-thumbnail","hentry","category-artigos-policiais","category-policial"],"_links":{"self":[{"href":"https:\/\/diarioregionaldigital.com.br\/index.php?rest_route=\/wp\/v2\/posts\/186491","targetHints":{"allow":["GET"]}}],"collection":[{"href":"https:\/\/diarioregionaldigital.com.br\/index.php?rest_route=\/wp\/v2\/posts"}],"about":[{"href":"https:\/\/diarioregionaldigital.com.br\/index.php?rest_route=\/wp\/v2\/types\/post"}],"author":[{"embeddable":true,"href":"https:\/\/diarioregionaldigital.com.br\/index.php?rest_route=\/wp\/v2\/users\/246"}],"replies":[{"embeddable":true,"href":"https:\/\/diarioregionaldigital.com.br\/index.php?rest_route=%2Fwp%2Fv2%2Fcomments&post=186491"}],"version-history":[{"count":1,"href":"https:\/\/diarioregionaldigital.com.br\/index.php?rest_route=\/wp\/v2\/posts\/186491\/revisions"}],"predecessor-version":[{"id":186493,"href":"https:\/\/diarioregionaldigital.com.br\/index.php?rest_route=\/wp\/v2\/posts\/186491\/revisions\/186493"}],"wp:featuredmedia":[{"embeddable":true,"href":"https:\/\/diarioregionaldigital.com.br\/index.php?rest_route=\/wp\/v2\/media\/186492"}],"wp:attachment":[{"href":"https:\/\/diarioregionaldigital.com.br\/index.php?rest_route=%2Fwp%2Fv2%2Fmedia&parent=186491"}],"wp:term":[{"taxonomy":"category","embeddable":true,"href":"https:\/\/diarioregionaldigital.com.br\/index.php?rest_route=%2Fwp%2Fv2%2Fcategories&post=186491"},{"taxonomy":"post_tag","embeddable":true,"href":"https:\/\/diarioregionaldigital.com.br\/index.php?rest_route=%2Fwp%2Fv2%2Ftags&post=186491"}],"curies":[{"name":"wp","href":"https:\/\/api.w.org\/{rel}","templated":true}]}}