{"id":186455,"date":"2021-08-05T17:49:06","date_gmt":"2021-08-05T20:49:06","guid":{"rendered":"https:\/\/diarioregionaldigital.com.br\/?p=186455"},"modified":"2021-08-05T17:49:06","modified_gmt":"2021-08-05T20:49:06","slug":"sala-mineira-do-empreendedor-e-apresentada-pela-pjf-para-contadores-da-cidade","status":"publish","type":"post","link":"https:\/\/diarioregionaldigital.com.br\/?p=186455","title":{"rendered":"Sala Mineira do Empreendedor \u00e9 apresentada pela PJF para contadores da cidade"},"content":{"rendered":"<p>A Prefeitura de Juiz de Fora (PJF) realizou, na \u00faltima ter\u00e7a-feira, 4, um encontro com contadores de Juiz de Fora para apresenta\u00e7\u00e3o da Sala Mineira do Empreendedor. O evento, que contou com a presen\u00e7a de mais de 40 profissionais da \u00e1rea, foi conduzido pelo coordenador do projeto, Diego Farnezi, com a presen\u00e7a das secret\u00e1rias da Fazenda, Fernanda Finotti; Transforma\u00e7\u00e3o Digital e Administrativa, Ligia Inhan; Sustentabilidade em Meio Ambiente e Atividades Urbanas; Aline Rocha; e o Secret\u00e1rio de Desenvolvimento Sustent\u00e1vel e Inclusivo, da Inova\u00e7\u00e3o e Competitividade, Ign\u00e1cio Delgado.<\/p>\n<p>Segundo informa\u00e7\u00f5es do site da Prefeitura de Juiz de Fora, durante a conversa, Diego apresentou a estrutura e os servi\u00e7os prestados pela Sala do Empreendedor, al\u00e9m de quest\u00f5es t\u00e9cnicas relacionadas \u00e0 consulta de viabilidade e ao processo de licenciamento para a abertura de empresas, que tiveram os fluxos alterados com a cria\u00e7\u00e3o do espa\u00e7o, em maio de 2021. \u201cUm evento como esse \u00e9 muito significativo. At\u00e9 ent\u00e3o, a Prefeitura de Juiz de Fora n\u00e3o tinha alinhado um discurso com os contadores. Eles s\u00e3o muito importantes, porque est\u00e3o diretamente ligados nessa parte de abertura de empresas, regulariza\u00e7\u00e3o e altera\u00e7\u00e3o de endere\u00e7o. Ent\u00e3o, orient\u00e1-los e mostrar qual \u00e9 a nossa an\u00e1lise, e como ela funciona, facilita o processo. Eles j\u00e1 ficam em condi\u00e7\u00f5es de otimizar o tempo, para que os empreendimentos possam ser abertos com maior agilidade\u201d, enfatiza o coordenador.<\/p>\n<p>A assistente cont\u00e1bil, Simone Santos, comenta que a palestra foi esclarecedora. \u201cCom as mudan\u00e7as que ocorreram no sistema, precis\u00e1vamos saber quais passos devem ser seguidos. A partir de agora, conseguiremos trabalhar de uma forma mais produtiva\u201d. Ela ainda enfatiza a import\u00e2ncia da Sala, \u201ca quest\u00e3o da facilidade e conhecimento. O local est\u00e1 cumprindo com excel\u00eancia sua fun\u00e7\u00e3o de tirar d\u00favidas e otimizar nosso tempo, gerando benef\u00edcios para o munic\u00edpio. As pessoas n\u00e3o precisam mais ir na central de atendimento, \u00e9 poss\u00edvel realizar tudo de forma online\u201d, afirma Simone.<\/p>\n<p>\u201cPara n\u00f3s, que somos consumidores do sistema, o evento foi muito importante e proveitoso. A Sala vem de encontro com uma solicita\u00e7\u00e3o antiga do empresariado e da classe cont\u00e1bil, para acelerar e agilizar todo processo de abertura de uma empresa no munic\u00edpio\u201d, destaca Marcos Goulart, contador e Presidente da Associa\u00e7\u00e3o de Contabilistas de Juiz de Fora (Sinercon).<\/p>\n<p><b>Sala do Empreendedor<\/b><\/p>\n<p>Anunciado nos cem primeiros dias de governo da prefeita Margarida Salom\u00e3o, A Sala Mineira do Empreendedor integra o programa \u201cDesenrola, Juiz de Fora\u201d. Em parceria com o Servi\u00e7o Brasileiro de Apoio \u00e0s Micro e Pequenas Empresas (Sebrae-MG), e a Junta Comercial do Estado de Minas Gerais (Jucemg), o projeto tem como objetivo melhorar o ambiente de neg\u00f3cios no munic\u00edpio, facilitando os processos de abertura, regulariza\u00e7\u00e3o e baixa de empresas e oferecendo servi\u00e7os exclusivos e capacita\u00e7\u00f5es. Al\u00e9m de aproximar o poder p\u00fablico dos empres\u00e1rios, o projeto contribui para gerar emprego e renda na cidade. O espa\u00e7o funciona das 13 \u00e0s 17h30. Agendamentos podem ser feitos pelos telefones 2104-8166 e 98439-1918<\/p>\n","protected":false},"excerpt":{"rendered":"<p>A Prefeitura de Juiz de Fora (PJF) realizou, na \u00faltima ter\u00e7a-feira, 4, um encontro com contadores de Juiz de Fora para apresenta\u00e7\u00e3o da Sala Mineira do Empreendedor. O evento, que contou com a presen\u00e7a de mais de 40 profissionais da \u00e1rea, foi conduzido pelo coordenador do projeto, Diego Farnezi, com a presen\u00e7a das secret\u00e1rias da [&hellip;]<\/p>\n","protected":false},"author":246,"featured_media":186456,"comment_status":"closed","ping_status":"closed","sticky":false,"template":"","format":"standard","meta":{"footnotes":""},"categories":[253,440,439],"tags":[],"class_list":["post-186455","post","type-post","status-publish","format-standard","has-post-thumbnail","hentry","category-cidade","category-destaques-do-dia","category-ultima-hora"],"_links":{"self":[{"href":"https:\/\/diarioregionaldigital.com.br\/index.php?rest_route=\/wp\/v2\/posts\/186455","targetHints":{"allow":["GET"]}}],"collection":[{"href":"https:\/\/diarioregionaldigital.com.br\/index.php?rest_route=\/wp\/v2\/posts"}],"about":[{"href":"https:\/\/diarioregionaldigital.com.br\/index.php?rest_route=\/wp\/v2\/types\/post"}],"author":[{"embeddable":true,"href":"https:\/\/diarioregionaldigital.com.br\/index.php?rest_route=\/wp\/v2\/users\/246"}],"replies":[{"embeddable":true,"href":"https:\/\/diarioregionaldigital.com.br\/index.php?rest_route=%2Fwp%2Fv2%2Fcomments&post=186455"}],"version-history":[{"count":1,"href":"https:\/\/diarioregionaldigital.com.br\/index.php?rest_route=\/wp\/v2\/posts\/186455\/revisions"}],"predecessor-version":[{"id":186457,"href":"https:\/\/diarioregionaldigital.com.br\/index.php?rest_route=\/wp\/v2\/posts\/186455\/revisions\/186457"}],"wp:featuredmedia":[{"embeddable":true,"href":"https:\/\/diarioregionaldigital.com.br\/index.php?rest_route=\/wp\/v2\/media\/186456"}],"wp:attachment":[{"href":"https:\/\/diarioregionaldigital.com.br\/index.php?rest_route=%2Fwp%2Fv2%2Fmedia&parent=186455"}],"wp:term":[{"taxonomy":"category","embeddable":true,"href":"https:\/\/diarioregionaldigital.com.br\/index.php?rest_route=%2Fwp%2Fv2%2Fcategories&post=186455"},{"taxonomy":"post_tag","embeddable":true,"href":"https:\/\/diarioregionaldigital.com.br\/index.php?rest_route=%2Fwp%2Fv2%2Ftags&post=186455"}],"curies":[{"name":"wp","href":"https:\/\/api.w.org\/{rel}","templated":true}]}}