{"id":186425,"date":"2021-08-05T17:10:39","date_gmt":"2021-08-05T20:10:39","guid":{"rendered":"https:\/\/diarioregionaldigital.com.br\/?p=186425"},"modified":"2021-08-05T17:10:39","modified_gmt":"2021-08-05T20:10:39","slug":"presidente-encaminha-ao-senado-pedido-de-emprestimo-externo","status":"publish","type":"post","link":"https:\/\/diarioregionaldigital.com.br\/?p=186425","title":{"rendered":"Presidente encaminha ao Senado pedido de empr\u00e9stimo externo"},"content":{"rendered":"<p>O Senado recebeu hoje (4) mensagem do presidente Jair Bolsonaro pedindo a aprova\u00e7\u00e3o de um empr\u00e9stimo de at\u00e9 350 milh\u00f5es de euros do banco de desenvolvimento alem\u00e3o KfW Entwicklungsbank. O dinheiro ser\u00e1 aplicado em a\u00e7\u00f5es emergenciais de apoio \u00e0 popula\u00e7\u00e3o afetada pela pandemia de covid-19.<img decoding=\"async\" src=\"https:\/\/agenciabrasil.ebc.com.br\/ebc.png?id=1417406&amp;o=node\" \/><img decoding=\"async\" src=\"https:\/\/agenciabrasil.ebc.com.br\/ebc.gif?id=1417406&amp;o=node\" \/><\/p>\n<p>Os recursos ser\u00e3o gastos no pagamento do aux\u00edlio emergencial e do benef\u00edcio que complementa o sal\u00e1rio dos empregados que fecharam acordo para suspens\u00e3o de contrato ou jornada reduzida durante a pandemia. O Programa Emergencial de Apoio a Renda de Popula\u00e7\u00f5es Vulner\u00e1veis Afetadas pela Covid-19 \u00e9 executado pelos minist\u00e9rios da Economia e da Cidadania.<\/p>\n<p>O financiamento foi aprovado pela Comiss\u00e3o de Financiamentos Externos (Cofiex), \u00f3rg\u00e3o do Minist\u00e9rio da Economia que analisa os pedidos de empr\u00e9stimos internacionais da Uni\u00e3o, de estados e de munic\u00edpios. No entanto, as opera\u00e7\u00f5es de cr\u00e9dito externo precisam da aprova\u00e7\u00e3o do Senado Federal para poderem ser concretizadas.<\/p>\n<p>Ao longo da pandemia, o governo recorreu a empr\u00e9stimos externos para financiar parcialmente o aux\u00edlio emergencial e outras a\u00e7\u00f5es de al\u00edvio \u00e0 popula\u00e7\u00e3o vulner\u00e1vel. No in\u00edcio de fevereiro, o Senado aprovou um empr\u00e9stimo de US$ 1 bilh\u00e3o do Banco Mundial para o mesmo programa emergencial. Na ocasi\u00e3o, o empr\u00e9stimo tinha juros vinculados \u00e0 Libor (taxa internacional de juros vari\u00e1vel) de seis meses, mais 0,8% ao ano.<\/p>\n<p><span style=\"font-weight: 400;\">Fonte: Ag\u00eancia Brasil <\/span><\/p>\n","protected":false},"excerpt":{"rendered":"<p>O Senado recebeu hoje (4) mensagem do presidente Jair Bolsonaro pedindo a aprova\u00e7\u00e3o de um empr\u00e9stimo de at\u00e9 350 milh\u00f5es de euros do banco de desenvolvimento alem\u00e3o KfW Entwicklungsbank. O dinheiro ser\u00e1 aplicado em a\u00e7\u00f5es emergenciais de apoio \u00e0 popula\u00e7\u00e3o afetada pela pandemia de covid-19. Os recursos ser\u00e3o gastos no pagamento do aux\u00edlio emergencial e [&hellip;]<\/p>\n","protected":false},"author":246,"featured_media":186426,"comment_status":"closed","ping_status":"closed","sticky":false,"template":"","format":"standard","meta":{"footnotes":""},"categories":[440,254],"tags":[],"class_list":["post-186425","post","type-post","status-publish","format-standard","has-post-thumbnail","hentry","category-destaques-do-dia","category-politica"],"_links":{"self":[{"href":"https:\/\/diarioregionaldigital.com.br\/index.php?rest_route=\/wp\/v2\/posts\/186425","targetHints":{"allow":["GET"]}}],"collection":[{"href":"https:\/\/diarioregionaldigital.com.br\/index.php?rest_route=\/wp\/v2\/posts"}],"about":[{"href":"https:\/\/diarioregionaldigital.com.br\/index.php?rest_route=\/wp\/v2\/types\/post"}],"author":[{"embeddable":true,"href":"https:\/\/diarioregionaldigital.com.br\/index.php?rest_route=\/wp\/v2\/users\/246"}],"replies":[{"embeddable":true,"href":"https:\/\/diarioregionaldigital.com.br\/index.php?rest_route=%2Fwp%2Fv2%2Fcomments&post=186425"}],"version-history":[{"count":1,"href":"https:\/\/diarioregionaldigital.com.br\/index.php?rest_route=\/wp\/v2\/posts\/186425\/revisions"}],"predecessor-version":[{"id":186427,"href":"https:\/\/diarioregionaldigital.com.br\/index.php?rest_route=\/wp\/v2\/posts\/186425\/revisions\/186427"}],"wp:featuredmedia":[{"embeddable":true,"href":"https:\/\/diarioregionaldigital.com.br\/index.php?rest_route=\/wp\/v2\/media\/186426"}],"wp:attachment":[{"href":"https:\/\/diarioregionaldigital.com.br\/index.php?rest_route=%2Fwp%2Fv2%2Fmedia&parent=186425"}],"wp:term":[{"taxonomy":"category","embeddable":true,"href":"https:\/\/diarioregionaldigital.com.br\/index.php?rest_route=%2Fwp%2Fv2%2Fcategories&post=186425"},{"taxonomy":"post_tag","embeddable":true,"href":"https:\/\/diarioregionaldigital.com.br\/index.php?rest_route=%2Fwp%2Fv2%2Ftags&post=186425"}],"curies":[{"name":"wp","href":"https:\/\/api.w.org\/{rel}","templated":true}]}}