{"id":186416,"date":"2021-08-05T16:59:34","date_gmt":"2021-08-05T19:59:34","guid":{"rendered":"https:\/\/diarioregionaldigital.com.br\/?p=186416"},"modified":"2021-08-05T16:59:34","modified_gmt":"2021-08-05T19:59:34","slug":"investimento-estrangeiro-direto-cai-em-2020-na-america-latina","status":"publish","type":"post","link":"https:\/\/diarioregionaldigital.com.br\/?p=186416","title":{"rendered":"Investimento estrangeiro direto cai em 2020 na Am\u00e9rica Latina"},"content":{"rendered":"<p>Em meio \u00e0 crise de covid-19, a Am\u00e9rica Latina e o Caribe receberam, em 2020, o menor valor de investimento estrangeiro direto (IED) da \u00faltima d\u00e9cada. De acordo com a Comiss\u00e3o Econ\u00f4mica para a Am\u00e9rica Latina e o Caribe (Cepal), a regi\u00e3o recebeu US$ 105,48 bilh\u00f5es no ano passado, 34,7% a menos que em 2019, 51% a menos que o recorde da s\u00e9rie hist\u00f3rica alcan\u00e7ado em 2012 e o menor valor desde 2010.<\/p>\n<p>No \u00e2mbito mundial, os valores de IED ca\u00edram 35% em 2020, atingindo aproximadamente US$ 1 trilh\u00e3o, o que representa o valor mais baixo desde 2005. No caso da Am\u00e9rica Latina e Caribe, a tend\u00eancia de queda \u00e9 registrada desde 2013.<\/p>\n<p>As informa\u00e7\u00f5es est\u00e3o no relat\u00f3rio anual da Cepal\u00a0<a href=\"https:\/\/www.cepal.org\/es\/publicaciones\/47147-la-inversion-extranjera-directa-america-latina-caribe-2021\" target=\"_blank\" rel=\"noopener\">O Investimento Estrangeiro Direto na Am\u00e9rica Latina e no Caribe 2021<\/a>, divulgado hoje (5).<\/p>\n<p>De acordo com a Cepal, o contexto internacional sugere que os fluxos mundiais de investimento ter\u00e3o uma lenta recupera\u00e7\u00e3o. \u201cDa mesma forma, a busca por ativos em setores estrat\u00e9gicos para a reativa\u00e7\u00e3o internacional e para os planos p\u00fablicos de transforma\u00e7\u00e3o da estrutura produtiva (infraestrutura, sa\u00fade, economia digital) indica que grande parte dessas opera\u00e7\u00f5es teria como destino a Europa, a Am\u00e9rica do Norte e alguns pa\u00edses da \u00c1sia, aumentando as assimetrias globais\u201d, alerta a comiss\u00e3o.<\/p>\n<p>Na Am\u00e9rica Latina e no Caribe, os projetos de IED mostraram uma recupera\u00e7\u00e3o entre setembro de 2020 e fevereiro deste ano. Entretanto, diz o relat\u00f3rio, de fevereiro a maio de 202, os dados j\u00e1 sugerem uma nova queda no valor dos an\u00fancios. \u201cNesse cen\u00e1rio, \u00e9 dif\u00edcil pensar que as entradas de IED para a regi\u00e3o tenham um aumento superior a 5% em 2021.\u201d<img decoding=\"async\" src=\"https:\/\/agenciabrasil.ebc.com.br\/ebc.png?id=1417472&amp;o=node\" \/><img decoding=\"async\" src=\"https:\/\/agenciabrasil.ebc.com.br\/ebc.gif?id=1417472&amp;o=node\" \/><\/p>\n<p>Nesse sentido, a Cepal pede que os pa\u00edses da regi\u00e3o canalizem os fluxos de investimento estrangeiro direto para atividades geradoras de maior produtividade, inova\u00e7\u00e3o e tecnologia, de modo a contribuir para mudan\u00e7as significativas na estrutura produtiva da regi\u00e3o. Al\u00e9m de manter a ajuda emergencial aos setores mais vulner\u00e1veis da popula\u00e7\u00e3o e \u00e0s pequenas empresas, para a comiss\u00e3o, os pa\u00edses da Am\u00e9rica Latina e Caribe devem desenvolver planos estrat\u00e9gicos tanto de retomada como de transforma\u00e7\u00e3o produtiva, usando a capacidade dos governos e do setor privado para que a pol\u00edtica de atra\u00e7\u00e3o de capitais estrangeiros fa\u00e7a parte da pol\u00edtica industrial.<\/p>\n<p>Foram identificados oito setores estrat\u00e9gicos que poderiam ser apoiados pelo IED: a transi\u00e7\u00e3o para energias renov\u00e1veis; a eletromobilidade sustent\u00e1vel nas cidades; a revolu\u00e7\u00e3o digital inclusiva; a ind\u00fastria manufatureira da sa\u00fade; a bioeconomia; a economia do cuidado; a economia circular; e o turismo sustent\u00e1vel.<\/p>\n<p><strong>Investimentos em 2020<\/strong><\/p>\n<p>De acordo com a Cepal, houve aumento do IED em apenas cinco pa\u00edses da regi\u00e3o: Bahamas, Barbados, Equador, Paraguai e M\u00e9xico. Este \u00faltimo \u00e9 o segundo maior receptor de recursos diretos na regi\u00e3o, depois do Brasil.<\/p>\n<p>A forte queda nos ingressos de investimento estrangeiro direto no Brasil (-35,4%) e o aumento no M\u00e9xico (6,6%) determinaram uma aproxima\u00e7\u00e3o da participa\u00e7\u00e3o de ambos os pa\u00edses como destino de IED que n\u00e3o tinha sido visto nos \u00faltimos anos (tal participa\u00e7\u00e3o foi de 42% no caso do Brasil e 30% no do M\u00e9xico), diz o relat\u00f3rio.<\/p>\n<p>Os setores de recursos naturais e manufatura, com redu\u00e7\u00f5es de 47% e 38%, respectivamente, foram os mais atingidos no ano passado. J\u00e1 as energias renov\u00e1veis, apesar de tamb\u00e9m terem retra\u00e7\u00e3o nos investimentos, continuaram sendo o setor da regi\u00e3o que desperta o maior interesse dos investidores estrangeiros, com 26% do valor total de an\u00fancios.<\/p>\n<p>Os Estados Unidos aumentaram de 27% para 37% sua participa\u00e7\u00e3o no IED da regi\u00e3o em 2020, diante da forte queda na Europa (que baixou de 51% para 38%) e na Am\u00e9rica Latina (que passou de 10% para 6%).<\/p>\n<p>De acordo com o relat\u00f3rio, a menor queda nos Estados Unidos como origem do IED \u00e9 explicada, principalmente, pelo aumento dos investimentos deste pa\u00eds no Brasil. Por outro lado, as entradas de Holanda e Luxemburgo, pa\u00edses europeus que tinham mais investimentos no Brasil, ca\u00edram em 2020 e em 2019, o que determinou uma queda do peso da Europa como investidora na regi\u00e3o.<\/p>\n<p>Do mesmo modo, em 2020, os fluxos das empresas transnacionais latino-americanas tamb\u00e9m colapsaram, com queda de 73% nos investimentos. \u201cEnquanto o Chile e o M\u00e9xico apresentaram aumento nos fluxos de investimento direto no exterior, a Argentina, o Brasil, a Col\u00f4mbia e o Panam\u00e1 registraram retrocessos\u201d, diz a comiss\u00e3o.<\/p>\n<p>O relat\u00f3rio da Cepal traz ainda an\u00e1lise sobre as rela\u00e7\u00f5es comerciais com a China, \u201cpa\u00eds que avan\u00e7a no caminho para consolida\u00e7\u00e3o como pot\u00eancia econ\u00f4mica mundial\u201d, e sobre as estrat\u00e9gias de investimento na era digital. Para a comiss\u00e3o, o investimento estrangeiro pode contribuir para a transforma\u00e7\u00e3o digital na Am\u00e9rica Latina e no Caribe, mas, se as caracter\u00edsticas estruturais das economias da regi\u00e3o n\u00e3o forem consideradas, a digitaliza\u00e7\u00e3o poderia aprofundar as lacunas existentes e gerar maior exclus\u00e3o e injusti\u00e7a nessa distribui\u00e7\u00e3o de recursos.<\/p>\n<p><span style=\"font-weight: 400;\">Fonte: Ag\u00eancia Brasil <\/span><\/p>\n","protected":false},"excerpt":{"rendered":"<p>Em meio \u00e0 crise de covid-19, a Am\u00e9rica Latina e o Caribe receberam, em 2020, o menor valor de investimento estrangeiro direto (IED) da \u00faltima d\u00e9cada. De acordo com a Comiss\u00e3o Econ\u00f4mica para a Am\u00e9rica Latina e o Caribe (Cepal), a regi\u00e3o recebeu US$ 105,48 bilh\u00f5es no ano passado, 34,7% a menos que em 2019, [&hellip;]<\/p>\n","protected":false},"author":246,"featured_media":186417,"comment_status":"closed","ping_status":"closed","sticky":false,"template":"","format":"standard","meta":{"footnotes":""},"categories":[436,261,439],"tags":[],"class_list":["post-186416","post","type-post","status-publish","format-standard","has-post-thumbnail","hentry","category-destaque-da-semana","category-economia","category-ultima-hora"],"_links":{"self":[{"href":"https:\/\/diarioregionaldigital.com.br\/index.php?rest_route=\/wp\/v2\/posts\/186416","targetHints":{"allow":["GET"]}}],"collection":[{"href":"https:\/\/diarioregionaldigital.com.br\/index.php?rest_route=\/wp\/v2\/posts"}],"about":[{"href":"https:\/\/diarioregionaldigital.com.br\/index.php?rest_route=\/wp\/v2\/types\/post"}],"author":[{"embeddable":true,"href":"https:\/\/diarioregionaldigital.com.br\/index.php?rest_route=\/wp\/v2\/users\/246"}],"replies":[{"embeddable":true,"href":"https:\/\/diarioregionaldigital.com.br\/index.php?rest_route=%2Fwp%2Fv2%2Fcomments&post=186416"}],"version-history":[{"count":1,"href":"https:\/\/diarioregionaldigital.com.br\/index.php?rest_route=\/wp\/v2\/posts\/186416\/revisions"}],"predecessor-version":[{"id":186418,"href":"https:\/\/diarioregionaldigital.com.br\/index.php?rest_route=\/wp\/v2\/posts\/186416\/revisions\/186418"}],"wp:featuredmedia":[{"embeddable":true,"href":"https:\/\/diarioregionaldigital.com.br\/index.php?rest_route=\/wp\/v2\/media\/186417"}],"wp:attachment":[{"href":"https:\/\/diarioregionaldigital.com.br\/index.php?rest_route=%2Fwp%2Fv2%2Fmedia&parent=186416"}],"wp:term":[{"taxonomy":"category","embeddable":true,"href":"https:\/\/diarioregionaldigital.com.br\/index.php?rest_route=%2Fwp%2Fv2%2Fcategories&post=186416"},{"taxonomy":"post_tag","embeddable":true,"href":"https:\/\/diarioregionaldigital.com.br\/index.php?rest_route=%2Fwp%2Fv2%2Ftags&post=186416"}],"curies":[{"name":"wp","href":"https:\/\/api.w.org\/{rel}","templated":true}]}}