{"id":186413,"date":"2021-08-05T16:54:48","date_gmt":"2021-08-05T19:54:48","guid":{"rendered":"https:\/\/diarioregionaldigital.com.br\/?p=186413"},"modified":"2021-08-05T16:54:48","modified_gmt":"2021-08-05T19:54:48","slug":"endividamento-das-familias-bate-novo-recorde-em-julho","status":"publish","type":"post","link":"https:\/\/diarioregionaldigital.com.br\/?p=186413","title":{"rendered":"Endividamento das fam\u00edlias bate novo recorde em julho"},"content":{"rendered":"<p>O percentual de fam\u00edlias que relataram ter d\u00edvidas no m\u00eas de julho chegou a 71,4%, o maior patamar da s\u00e9rie hist\u00f3rica, iniciada em 2010. A alta \u00e9 de 1,7 ponto percentual na compara\u00e7\u00e3o com junho e de 4 pontos em rela\u00e7\u00e3o a julho de 2020, o maior aumento anual verificado desde dezembro de 2019.<img decoding=\"async\" src=\"https:\/\/agenciabrasil.ebc.com.br\/ebc.png?id=1417449&amp;o=node\" \/><img decoding=\"async\" src=\"https:\/\/agenciabrasil.ebc.com.br\/ebc.gif?id=1417449&amp;o=node\" \/><\/p>\n<p>Os dados s\u00e3o da Pesquisa de Endividamento e Inadimpl\u00eancia do Consumidor (Peic), divulgada hoje (5) pela Confedera\u00e7\u00e3o Nacional do Com\u00e9rcio de Bens, Servi\u00e7os e Turismo (CNC). As d\u00edvidas incluem cheque pr\u00e9-datado, cart\u00e3o de cr\u00e9dito, cheque especial, carn\u00ea de loja, cr\u00e9dito consignado, empr\u00e9stimo pessoal, presta\u00e7\u00e3o de carro e de casa.<\/p>\n<p>As fam\u00edlias com d\u00edvidas ou contas em atraso chegaram a 25,6%, o terceiro aumento seguido. O n\u00famero \u00e9 0,5 ponto percentual acima do n\u00edvel de junho e 0,7 ponto abaixo do apurado em julho do ano passado.<\/p>\n<p>J\u00e1 as fam\u00edlias que disseram n\u00e3o ter condi\u00e7\u00f5es de pagar suas d\u00edvidas em atraso e que v\u00e3o continuar inadimplentes aumentou de 10,8% para 10,9% de junho para julho. Na compara\u00e7\u00e3o anual, houve queda de 1,1 ponto percentual.<\/p>\n<p><strong>Faixas de renda<\/strong><\/p>\n<p>Na an\u00e1lise por grupos de renda, o endividamento entre as fam\u00edlias que recebem at\u00e9 dez sal\u00e1rios m\u00ednimos aumentou de 70,7% para 72,6% na passagem mensal, atingindo nova m\u00e1xima hist\u00f3rica. Em julho de 2020, o indicador estava em 69% das fam\u00edlias. A inadimpl\u00eancia nessa faixa passou de 28,1% para 28,7% e 13,1% do total disseram que v\u00e3o permanecer com as contas em atraso.<\/p>\n<p>No grupo que recebe mais de dez sal\u00e1rios m\u00ednimos, o endividamento vem batendo recordes mensais desde fevereiro. O percentual passou de 65,5% em junho para 66,3% julho, ante os 59,1% em julho de 2020. A inadimpl\u00eancia nesse grupo de renda cresceu de 11,9% para 12,1% na passagem mensal e 3,5% afirmaram que n\u00e3o t\u00eam condi\u00e7\u00f5es de colocar as d\u00edvidas em dia.<\/p>\n<p>O grupo dos muito endividados teve leve redu\u00e7\u00e3o, de 14,7% em junho para 14,6% em julho, \u00edndice 0,9 ponto percentual abaixo de julho de 2020. Na capacidade de pagamento, a parcela m\u00e9dia da renda comprometida entre as fam\u00edlias endividadas ficou em 30,5%, o maior n\u00edvel desde 2017, e 21,1% t\u00eam mais da metade da renda comprometida com d\u00edvidas.<\/p>\n<p><strong>D\u00edvidas<\/strong><\/p>\n<p>O tempo m\u00e9dio de atraso para quita\u00e7\u00e3o das d\u00edvidas ficou em 61,9 dias em julho. A principal d\u00edvida das fam\u00edlias \u00e9 no cart\u00e3o de cr\u00e9dito, modalidade assinalada por 82,7% dos endividados, o maior n\u00edvel da s\u00e9rie hist\u00f3rica. Carn\u00eas de lojas foram indicados por 18% das fam\u00edlias, 9,8% t\u00eam d\u00edvidas com cr\u00e9dito pessoal e 9,7% com financiamento da casa pr\u00f3pria.<\/p>\n<p><strong>Infla\u00e7\u00e3o<\/strong><\/p>\n<p>Segundo a CNA, a infla\u00e7\u00e3o elevada tem diminu\u00eddo o poder de compra das fam\u00edlias e deteriorado os or\u00e7amentos dom\u00e9sticos. \u201cA renda dos consumidores tamb\u00e9m est\u00e1 afetada pelas fragilidades dos mercados de trabalho formal e informal, com o aux\u00edlio emergencial de menor valor pago este ano. Tais fatores t\u00eam tamb\u00e9m provocado o maior uso do cr\u00e9dito no cart\u00e3o\u201d, diz o informe da pesquisa.<\/p>\n<p>A entidade alerta que o cart\u00e3o de cr\u00e9dito \u00e9 a modalidade mais difundida, por\u00e9m \u00e9 a que oferece o maior custo ao consumidor quando se torna cr\u00e9dito rotativo, com parte do saldo devedor rolada para o m\u00eas seguinte.<\/p>\n<p>\u201cEmbora o cr\u00e9dito possa funcionar como ferramenta de recomposi\u00e7\u00e3o da renda e potencializar o consumo, com mais de 71% das fam\u00edlias endividadas, acendeu-se um alerta para o uso do cr\u00e9dito e o potencial de crescimento da inadimpl\u00eancia \u00e0 frente. O aumento dos juros em curso no pa\u00eds encarece as d\u00edvidas, principalmente na modalidade mais buscada pelos endividados hoje, o cart\u00e3o de cr\u00e9dito\u201d.<\/p>\n<p><span style=\"font-weight: 400;\">Fonte: Ag\u00eancia Brasil <\/span><\/p>\n","protected":false},"excerpt":{"rendered":"<p>O percentual de fam\u00edlias que relataram ter d\u00edvidas no m\u00eas de julho chegou a 71,4%, o maior patamar da s\u00e9rie hist\u00f3rica, iniciada em 2010. A alta \u00e9 de 1,7 ponto percentual na compara\u00e7\u00e3o com junho e de 4 pontos em rela\u00e7\u00e3o a julho de 2020, o maior aumento anual verificado desde dezembro de 2019. Os [&hellip;]<\/p>\n","protected":false},"author":246,"featured_media":186414,"comment_status":"closed","ping_status":"closed","sticky":false,"template":"","format":"standard","meta":{"footnotes":""},"categories":[440,261,439],"tags":[],"class_list":["post-186413","post","type-post","status-publish","format-standard","has-post-thumbnail","hentry","category-destaques-do-dia","category-economia","category-ultima-hora"],"_links":{"self":[{"href":"https:\/\/diarioregionaldigital.com.br\/index.php?rest_route=\/wp\/v2\/posts\/186413","targetHints":{"allow":["GET"]}}],"collection":[{"href":"https:\/\/diarioregionaldigital.com.br\/index.php?rest_route=\/wp\/v2\/posts"}],"about":[{"href":"https:\/\/diarioregionaldigital.com.br\/index.php?rest_route=\/wp\/v2\/types\/post"}],"author":[{"embeddable":true,"href":"https:\/\/diarioregionaldigital.com.br\/index.php?rest_route=\/wp\/v2\/users\/246"}],"replies":[{"embeddable":true,"href":"https:\/\/diarioregionaldigital.com.br\/index.php?rest_route=%2Fwp%2Fv2%2Fcomments&post=186413"}],"version-history":[{"count":1,"href":"https:\/\/diarioregionaldigital.com.br\/index.php?rest_route=\/wp\/v2\/posts\/186413\/revisions"}],"predecessor-version":[{"id":186415,"href":"https:\/\/diarioregionaldigital.com.br\/index.php?rest_route=\/wp\/v2\/posts\/186413\/revisions\/186415"}],"wp:featuredmedia":[{"embeddable":true,"href":"https:\/\/diarioregionaldigital.com.br\/index.php?rest_route=\/wp\/v2\/media\/186414"}],"wp:attachment":[{"href":"https:\/\/diarioregionaldigital.com.br\/index.php?rest_route=%2Fwp%2Fv2%2Fmedia&parent=186413"}],"wp:term":[{"taxonomy":"category","embeddable":true,"href":"https:\/\/diarioregionaldigital.com.br\/index.php?rest_route=%2Fwp%2Fv2%2Fcategories&post=186413"},{"taxonomy":"post_tag","embeddable":true,"href":"https:\/\/diarioregionaldigital.com.br\/index.php?rest_route=%2Fwp%2Fv2%2Ftags&post=186413"}],"curies":[{"name":"wp","href":"https:\/\/api.w.org\/{rel}","templated":true}]}}