{"id":186408,"date":"2021-08-05T06:00:17","date_gmt":"2021-08-05T09:00:17","guid":{"rendered":"https:\/\/diarioregionaldigital.com.br\/?p=186408"},"modified":"2021-08-06T00:41:33","modified_gmt":"2021-08-06T03:41:33","slug":"prefeitura-municipal-de-descoberto-licitacao-no-023-05-08-2021","status":"publish","type":"post","link":"https:\/\/diarioregionaldigital.com.br\/?p=186408","title":{"rendered":"Prefeitura Municipal de Descoberto &#8211; Licita\u00e7\u00e3o n\u00ba 023 &#8211; 05\/08\/2021"},"content":{"rendered":"<p style=\"text-align: center;\"><strong>PREFEITURA MUNICIPAL DE DESCOBERTO<\/strong><\/p>\n<p style=\"text-align: center;\"><strong>AVISO DE LICITA\u00c7\u00c3O<\/strong><\/p>\n<p style=\"text-align: center;\"><strong>Licita\u00e7\u00e3o n\u00b0 023\/2021<\/strong><\/p>\n<p style=\"text-align: center;\"><strong>Modalidade de Preg\u00e3o Presencial n\u00b0 010\/2021<\/strong><\/p>\n<p style=\"text-align: center;\">O Munic\u00edpio de DESCOBERTO, na forma da lei, faz saber a todos quantos o presente edital virem, ou dele conhecimento tiverem, que a partir das 09:00h do dia 18 de agosto de 2021, na Prefeitura Municipal na sala da comiss\u00e3o de licita\u00e7\u00e3o, localizada na rua CAPIT\u00c3O BAS\u00cdLIO, n\u00b0 39, bairro CENTRO, munic\u00edpio de DESCOBERTO, ser\u00e1 realizada licita\u00e7\u00e3o para a contrata\u00e7\u00e3o de interessados na AQUISI\u00c7\u00c3O DE VE\u00cdCULO MOTOCICLETA TRICICLO COM CARROCERIA ACOPLADA , tipo Menor Pre\u00e7o por Item conforme consta no edital que se encontra\u00a0 a disposi\u00e7\u00e3o de todos\u00a0 os interessados na Prefeitura Municipal, onde poder\u00e3o obt\u00ea-lo. Para conhecimento de todos os interessados, expediu-se o presente que ser\u00e1 afixado no lugar de costume, publicando-se na forma da lei. DESCOBERTO, 05 de agosto de 2021.<\/p>\n","protected":false},"excerpt":{"rendered":"<p>PREFEITURA MUNICIPAL DE DESCOBERTO AVISO DE LICITA\u00c7\u00c3O Licita\u00e7\u00e3o n\u00b0 023\/2021 Modalidade de Preg\u00e3o Presencial n\u00b0 010\/2021 O Munic\u00edpio de DESCOBERTO, na forma da lei, faz saber a todos quantos o presente edital virem, ou dele conhecimento tiverem, que a partir das 09:00h do dia 18 de agosto de 2021, na Prefeitura Municipal na sala da [&hellip;]<\/p>\n","protected":false},"author":96,"featured_media":0,"comment_status":"closed","ping_status":"closed","sticky":false,"template":"","format":"standard","meta":{"footnotes":""},"categories":[307],"tags":[],"class_list":["post-186408","post","type-post","status-publish","format-standard","hentry","category-editais"],"_links":{"self":[{"href":"https:\/\/diarioregionaldigital.com.br\/index.php?rest_route=\/wp\/v2\/posts\/186408","targetHints":{"allow":["GET"]}}],"collection":[{"href":"https:\/\/diarioregionaldigital.com.br\/index.php?rest_route=\/wp\/v2\/posts"}],"about":[{"href":"https:\/\/diarioregionaldigital.com.br\/index.php?rest_route=\/wp\/v2\/types\/post"}],"author":[{"embeddable":true,"href":"https:\/\/diarioregionaldigital.com.br\/index.php?rest_route=\/wp\/v2\/users\/96"}],"replies":[{"embeddable":true,"href":"https:\/\/diarioregionaldigital.com.br\/index.php?rest_route=%2Fwp%2Fv2%2Fcomments&post=186408"}],"version-history":[{"count":1,"href":"https:\/\/diarioregionaldigital.com.br\/index.php?rest_route=\/wp\/v2\/posts\/186408\/revisions"}],"predecessor-version":[{"id":186409,"href":"https:\/\/diarioregionaldigital.com.br\/index.php?rest_route=\/wp\/v2\/posts\/186408\/revisions\/186409"}],"wp:attachment":[{"href":"https:\/\/diarioregionaldigital.com.br\/index.php?rest_route=%2Fwp%2Fv2%2Fmedia&parent=186408"}],"wp:term":[{"taxonomy":"category","embeddable":true,"href":"https:\/\/diarioregionaldigital.com.br\/index.php?rest_route=%2Fwp%2Fv2%2Fcategories&post=186408"},{"taxonomy":"post_tag","embeddable":true,"href":"https:\/\/diarioregionaldigital.com.br\/index.php?rest_route=%2Fwp%2Fv2%2Ftags&post=186408"}],"curies":[{"name":"wp","href":"https:\/\/api.w.org\/{rel}","templated":true}]}}