{"id":186401,"date":"2021-08-04T17:23:34","date_gmt":"2021-08-04T20:23:34","guid":{"rendered":"https:\/\/diarioregionaldigital.com.br\/?p=186401"},"modified":"2021-08-04T17:23:34","modified_gmt":"2021-08-04T20:23:34","slug":"empav-realiza-intervencoes-nos-bairros-santa-cruz-santa-luzia-e-nautico","status":"publish","type":"post","link":"https:\/\/diarioregionaldigital.com.br\/?p=186401","title":{"rendered":"Empav realiza interven\u00e7\u00f5es nos bairros Santa Cruz, Santa Luzia e N\u00e1utico"},"content":{"rendered":"<p>O cronograma de atua\u00e7\u00e3o da Opera\u00e7\u00e3o Boniteza da Prefeitura de Juiz de Fora segue com equipes da Empresa Municipal de Pavimenta\u00e7\u00e3o e Urbaniza\u00e7\u00e3o (Empav) realizando servi\u00e7os de zeladoria nos bairros Santa Cruz, Santa Luzia e N\u00e1utico, na Zona Norte. Servidores deram prosseguimento aos servi\u00e7os de poda de grama, recolhimento de res\u00edduos e limpeza geral nas Escolas Municipais da cidade. Segundo informa\u00e7\u00f5es do site da Prefeitura de Juiz de Fora, nesta quarta-feira, 4, foram atendidas as seguintes escolas: Escola Municipal N\u00fabia Pereira de Magalh\u00e3es, no Santa Cruz; e a Escola Municipal Gilberto Alencar, no N\u00e1utico. O bairro Santa Luzia tamb\u00e9m recebeu equipes da Empav para a manuten\u00e7\u00e3o dos canteiros pr\u00f3ximos da UPA e nos canteiros da Avenida Ibitiguaia.<\/p>\n<p>Al\u00e9m disso, a\u00e7\u00f5es de poda e levantamento de copa de \u00e1rvores continuam em andamento na Avenida Brasil, no Po\u00e7o Rico; na Estrada do Morro do Cristo, no S\u00e3o Pedro; e na Estrada Joaquim Vicente Guedes, no bairro Graminha.<\/p>\n","protected":false},"excerpt":{"rendered":"<p>O cronograma de atua\u00e7\u00e3o da Opera\u00e7\u00e3o Boniteza da Prefeitura de Juiz de Fora segue com equipes da Empresa Municipal de Pavimenta\u00e7\u00e3o e Urbaniza\u00e7\u00e3o (Empav) realizando servi\u00e7os de zeladoria nos bairros Santa Cruz, Santa Luzia e N\u00e1utico, na Zona Norte. Servidores deram prosseguimento aos servi\u00e7os de poda de grama, recolhimento de res\u00edduos e limpeza geral nas [&hellip;]<\/p>\n","protected":false},"author":246,"featured_media":186402,"comment_status":"closed","ping_status":"closed","sticky":false,"template":"","format":"standard","meta":{"footnotes":""},"categories":[253,436,439],"tags":[],"class_list":["post-186401","post","type-post","status-publish","format-standard","has-post-thumbnail","hentry","category-cidade","category-destaque-da-semana","category-ultima-hora"],"_links":{"self":[{"href":"https:\/\/diarioregionaldigital.com.br\/index.php?rest_route=\/wp\/v2\/posts\/186401","targetHints":{"allow":["GET"]}}],"collection":[{"href":"https:\/\/diarioregionaldigital.com.br\/index.php?rest_route=\/wp\/v2\/posts"}],"about":[{"href":"https:\/\/diarioregionaldigital.com.br\/index.php?rest_route=\/wp\/v2\/types\/post"}],"author":[{"embeddable":true,"href":"https:\/\/diarioregionaldigital.com.br\/index.php?rest_route=\/wp\/v2\/users\/246"}],"replies":[{"embeddable":true,"href":"https:\/\/diarioregionaldigital.com.br\/index.php?rest_route=%2Fwp%2Fv2%2Fcomments&post=186401"}],"version-history":[{"count":1,"href":"https:\/\/diarioregionaldigital.com.br\/index.php?rest_route=\/wp\/v2\/posts\/186401\/revisions"}],"predecessor-version":[{"id":186403,"href":"https:\/\/diarioregionaldigital.com.br\/index.php?rest_route=\/wp\/v2\/posts\/186401\/revisions\/186403"}],"wp:featuredmedia":[{"embeddable":true,"href":"https:\/\/diarioregionaldigital.com.br\/index.php?rest_route=\/wp\/v2\/media\/186402"}],"wp:attachment":[{"href":"https:\/\/diarioregionaldigital.com.br\/index.php?rest_route=%2Fwp%2Fv2%2Fmedia&parent=186401"}],"wp:term":[{"taxonomy":"category","embeddable":true,"href":"https:\/\/diarioregionaldigital.com.br\/index.php?rest_route=%2Fwp%2Fv2%2Fcategories&post=186401"},{"taxonomy":"post_tag","embeddable":true,"href":"https:\/\/diarioregionaldigital.com.br\/index.php?rest_route=%2Fwp%2Fv2%2Ftags&post=186401"}],"curies":[{"name":"wp","href":"https:\/\/api.w.org\/{rel}","templated":true}]}}