{"id":186397,"date":"2021-08-04T17:20:55","date_gmt":"2021-08-04T20:20:55","guid":{"rendered":"https:\/\/diarioregionaldigital.com.br\/?p=186397"},"modified":"2021-08-04T17:20:55","modified_gmt":"2021-08-04T20:20:55","slug":"novas-doacoes-do-ponto-de-coleta-da-sesmaur-sao-entregues-ao-abrigo-emergencial","status":"publish","type":"post","link":"https:\/\/diarioregionaldigital.com.br\/?p=186397","title":{"rendered":"Novas doa\u00e7\u00f5es do ponto de coleta da Sesmaur s\u00e3o entregues ao Abrigo Emergencial"},"content":{"rendered":"<p>Na \u00faltima semana, as arrecada\u00e7\u00f5es do ponto de coleta da Secretaria de Sustentabilidade em Meio Ambiente e Atividades Urbanas (Sesmaur), destinadas \u00e0 Campanha Juiz de Fora Solid\u00e1ria no Frio, foram entregues ao abrigo emergencial, na Avenida Sete de Setembro.<\/p>\n<p>Foram arrecadados casacos, roupas, meias, descart\u00e1veis e alimentos n\u00e3o perec\u00edveis. Os produtos foram doados por servidores e tamb\u00e9m pela popula\u00e7\u00e3o. \u00c9 a terceira vez desde o in\u00edcio da Campanha que os representantes da Secretaria foram at\u00e9 o abrigo entregar o montante arrecadado.<\/p>\n<p>Segundo informa\u00e7\u00f5es do site da Prefeitura de Juiz de Fora, o posto de arrecada\u00e7\u00e3o estar\u00e1 em funcionamento at\u00e9 o final da Campanha, previsto para o dia 30 de setembro. Os interessados em ajudar podem deixar suas doa\u00e7\u00f5es na portaria do pr\u00e9dio da Cesama, na Avenida Rio Branco 1.843, no Centro, de segunda-feira a sexta-feira, das 8h \u00e0s 18h. Os itens solicitados s\u00e3o agasalhos, cobertores, alimentos n\u00e3o perec\u00edveis, descart\u00e1veis, produtos de limpeza, higiene e prote\u00e7\u00e3o individual.<\/p>\n<p><b>Campanha Juiz de Fora Solid\u00e1ria<\/b><\/p>\n<p>No local, tamb\u00e9m est\u00e3o sendo arrecadados alimentos n\u00e3o perec\u00edveis para as institui\u00e7\u00f5es cadastradas no Programa Mesa Brasil Sesc, que far\u00e1 a distribui\u00e7\u00e3o \u00e0s fam\u00edlias em situa\u00e7\u00e3o de vulnerabilidade na cidade.<\/p>\n<p>Para aqueles que desejarem fazer doa\u00e7\u00f5es em dinheiro, o Mesa Brasil Sesc est\u00e1 disponibilizando os dados da conta banc\u00e1ria do Programa para dep\u00f3sitos e a Chave Pix para transfer\u00eancias. \u00c9 importante enviar o comprovante da transfer\u00eancia para o WhatsApp 32 98409-4178.<\/p>\n<p><b>Chave Pix<\/b>: mesabrasilpix@sescmg.com.br<br \/>\n<b>Banco<\/b>: Caixa Econ\u00f4mica Federal<br \/>\n<b>Ag\u00eancia<\/b>: 0818 Opera\u00e7\u00e3o: 003<br \/>\n<b>Conta Corrente<\/b>: 00000245-5<br \/>\n<b>CNPJ<\/b>: 03.643.856\/0001-73<\/p>\n<p><b>Confira outros pontos de recolhimento:<\/b><\/p>\n<p>&#8211; Pr\u00e9dio da Prefeitura: Avenida Brasil, 2.001, Centro, de segunda a sexta, das 8h \u00e0s 18h<br \/>\n&#8211; Passe Livre: Rua Fonseca Hermes, 143, Centro, de segunda a sexta, das 8h \u00e0s 17h<br \/>\n&#8211; Casa da Mulher: Avenida Garibalde Campinhos, 169, Vitorino Braga (em frente ao Col\u00e9gio Santos Anjos), de segunda a sexta, das 7h30 \u00e0s 17h<br \/>\n&#8211; Independ\u00eancia Shopping: Avenida Presidente Itamar Franco, 3.600, Cascatinha, de segunda a s\u00e1bado, das 10h \u00e0s 22h, e aos domingos e feriados, das 13h \u00e0s 21h.<br \/>\n&#8211; Parque da Lajinha: Avenida Deusdedit Salgado, Teixeiras, de segunda a sexta, das 8h \u00e0s 18h<br \/>\n&#8211; Pr\u00e9dio da EmCasa (Alojamento emergencial): Avenida Sete de Setembro, 975, de segunda a sexta, das 8h \u00e0s 18h<\/p>\n","protected":false},"excerpt":{"rendered":"<p>Na \u00faltima semana, as arrecada\u00e7\u00f5es do ponto de coleta da Secretaria de Sustentabilidade em Meio Ambiente e Atividades Urbanas (Sesmaur), destinadas \u00e0 Campanha Juiz de Fora Solid\u00e1ria no Frio, foram entregues ao abrigo emergencial, na Avenida Sete de Setembro. Foram arrecadados casacos, roupas, meias, descart\u00e1veis e alimentos n\u00e3o perec\u00edveis. Os produtos foram doados por servidores [&hellip;]<\/p>\n","protected":false},"author":246,"featured_media":186398,"comment_status":"closed","ping_status":"closed","sticky":false,"template":"","format":"standard","meta":{"footnotes":""},"categories":[253,436,439],"tags":[],"class_list":["post-186397","post","type-post","status-publish","format-standard","has-post-thumbnail","hentry","category-cidade","category-destaque-da-semana","category-ultima-hora"],"_links":{"self":[{"href":"https:\/\/diarioregionaldigital.com.br\/index.php?rest_route=\/wp\/v2\/posts\/186397","targetHints":{"allow":["GET"]}}],"collection":[{"href":"https:\/\/diarioregionaldigital.com.br\/index.php?rest_route=\/wp\/v2\/posts"}],"about":[{"href":"https:\/\/diarioregionaldigital.com.br\/index.php?rest_route=\/wp\/v2\/types\/post"}],"author":[{"embeddable":true,"href":"https:\/\/diarioregionaldigital.com.br\/index.php?rest_route=\/wp\/v2\/users\/246"}],"replies":[{"embeddable":true,"href":"https:\/\/diarioregionaldigital.com.br\/index.php?rest_route=%2Fwp%2Fv2%2Fcomments&post=186397"}],"version-history":[{"count":2,"href":"https:\/\/diarioregionaldigital.com.br\/index.php?rest_route=\/wp\/v2\/posts\/186397\/revisions"}],"predecessor-version":[{"id":186400,"href":"https:\/\/diarioregionaldigital.com.br\/index.php?rest_route=\/wp\/v2\/posts\/186397\/revisions\/186400"}],"wp:featuredmedia":[{"embeddable":true,"href":"https:\/\/diarioregionaldigital.com.br\/index.php?rest_route=\/wp\/v2\/media\/186398"}],"wp:attachment":[{"href":"https:\/\/diarioregionaldigital.com.br\/index.php?rest_route=%2Fwp%2Fv2%2Fmedia&parent=186397"}],"wp:term":[{"taxonomy":"category","embeddable":true,"href":"https:\/\/diarioregionaldigital.com.br\/index.php?rest_route=%2Fwp%2Fv2%2Fcategories&post=186397"},{"taxonomy":"post_tag","embeddable":true,"href":"https:\/\/diarioregionaldigital.com.br\/index.php?rest_route=%2Fwp%2Fv2%2Ftags&post=186397"}],"curies":[{"name":"wp","href":"https:\/\/api.w.org\/{rel}","templated":true}]}}