{"id":186394,"date":"2021-08-04T17:16:27","date_gmt":"2021-08-04T20:16:27","guid":{"rendered":"https:\/\/diarioregionaldigital.com.br\/?p=186394"},"modified":"2021-08-04T17:16:27","modified_gmt":"2021-08-04T20:16:27","slug":"procon-orienta-consumidores-para-compras-no-dia-dos-pais","status":"publish","type":"post","link":"https:\/\/diarioregionaldigital.com.br\/?p=186394","title":{"rendered":"Procon orienta consumidores para compras no dia dos pais"},"content":{"rendered":"<p>A Ag\u00eancia de Prote\u00e7\u00e3o e Defesa do Consumidor (Procon\/JF) da Prefeitura de Juiz de Fora (PJF) orienta os consumidores para a realiza\u00e7\u00e3o das compras do Dia dos Pais. Primeiramente, \u00e9 fundamental comparar pre\u00e7os e optar, se poss\u00edvel, pela aquisi\u00e7\u00e3o \u00e0 vista, o que pode viabilizar desconto maior e proporcionar vantagens. O estabelecimento pode diferenciar as formas de pagamento tais como dinheiro ou cart\u00e3o, mas n\u00e3o pode estabelecer valor m\u00ednimo para compras a cr\u00e9dito ou a d\u00e9bito.<\/p>\n<p>Outros cuidados b\u00e1sicos como exigir nota fiscal, pesquisar pre\u00e7o, evitar compras por impulso e antecipar a ida \u00e0s lojas devem ser observados. Deixar para comprar o presente em cima da hora, por exemplo, pode sair mais caro.<\/p>\n<p>Segundo informa\u00e7\u00f5es do site da Prefeitura de Juiz de Fora, o superintendente interino do Procon\/JF, Magno Alexandre dos Santos, ressalta que independente do presente escolhido, \u00e9 importante exigir a nota fiscal, pois ela garante os direitos dos consumidores e os deveres dos fornecedores de produtos ou de servi\u00e7os. O C\u00f3digo de Defesa do Consumidor (CDC) s\u00f3 garante troca quando o produto apresentar defeito ou v\u00edcio oculto. O prazo para reclama\u00e7\u00f5es varia de acordo com mercadorias dur\u00e1veis e n\u00e3o dur\u00e1veis. Para as n\u00e3o-dur\u00e1veis (bebidas, cosm\u00e9ticos e produtos de consumo imediato), o consumidor tem at\u00e9 30 dias para reclamar, e 90 dias para produtos dur\u00e1veis (eletr\u00f4nicos, telefones celulares, vestu\u00e1rios etc).<\/p>\n<p>Em caso de roupas, acess\u00f3rios e sapatos, \u00e9 fundamental que o consumidor se certifique se a loja aceita fazer trocas, caso o presente n\u00e3o agrade ou n\u00e3o sirva. Se houver a possibilidade de troca, o consumidor deve solicitar ao vendedor que anote as condi\u00e7\u00f5es na nota fiscal no ato da compra.<\/p>\n<p><b>Compras pela internet<\/b><\/p>\n<p>Nesse caso, os cuidados devem ser redobrados para n\u00e3o cair em golpes ou, eventualmente, n\u00e3o receber produtos ou servi\u00e7os contratados. O Procon\/JF listou alguns cuidados imprescind\u00edveis para realizar compras com cautela pelo meio on-line:<\/p>\n<p>&#8211; Pesquise a proced\u00eancia da loja virtual atrav\u00e9s dos portais de pesquisa e tamb\u00e9m pelo site consumidor.gov.br e veja a opini\u00e3o de outros clientes e avalia\u00e7\u00f5es relacionadas \u00e0 qualidade do produto, prazos de entrega e pol\u00edticas de troca;<\/p>\n<p>&#8211; Para saber se o site garante a seguran\u00e7a de dados, verifique se h\u00e1 s\u00edmbolo de cadeado no canto esquerdo do campo de preenchimento do endere\u00e7o;<\/p>\n<p>&#8211; Verifique se a loja on-line informa CNPJ, telefone e endere\u00e7o no site. Normalmente essas informa\u00e7\u00f5es est\u00e3o localizadas no rodap\u00e9 da p\u00e1gina;<\/p>\n<p>&#8211; A nota fiscal da compra dever\u00e1 ser disponibilizada ao consumidor assim que o produto for faturado pela empresa;<\/p>\n<p>&#8211; O prazo de arrependimento de uma compra feita pela internet \u00e9 de sete dias ap\u00f3s a entrega do produto. A loja deve fornecer informa\u00e7\u00f5es claras para tanto e devolver todo o valor pago pelo consumidor.<\/p>\n<p>&#8211; O consumidor deve guardar as informa\u00e7\u00f5es, como dados da compra, data, o que foi comprado, data da entrega, valor do frete, modalidade da compra, n\u00famero gerado pela empresa referente \u00e0 compra, entre outras.<\/p>\n<p>Em caso de d\u00favidas ou reclama\u00e7\u00f5es, o consumidor deve procurar atendimento no Procon\/JF pelos telefones 3690-7610 \/ 3690-7611.<\/p>\n","protected":false},"excerpt":{"rendered":"<p>A Ag\u00eancia de Prote\u00e7\u00e3o e Defesa do Consumidor (Procon\/JF) da Prefeitura de Juiz de Fora (PJF) orienta os consumidores para a realiza\u00e7\u00e3o das compras do Dia dos Pais. Primeiramente, \u00e9 fundamental comparar pre\u00e7os e optar, se poss\u00edvel, pela aquisi\u00e7\u00e3o \u00e0 vista, o que pode viabilizar desconto maior e proporcionar vantagens. O estabelecimento pode diferenciar as [&hellip;]<\/p>\n","protected":false},"author":246,"featured_media":186395,"comment_status":"closed","ping_status":"closed","sticky":false,"template":"","format":"standard","meta":{"footnotes":""},"categories":[253,436,439],"tags":[],"class_list":["post-186394","post","type-post","status-publish","format-standard","has-post-thumbnail","hentry","category-cidade","category-destaque-da-semana","category-ultima-hora"],"_links":{"self":[{"href":"https:\/\/diarioregionaldigital.com.br\/index.php?rest_route=\/wp\/v2\/posts\/186394","targetHints":{"allow":["GET"]}}],"collection":[{"href":"https:\/\/diarioregionaldigital.com.br\/index.php?rest_route=\/wp\/v2\/posts"}],"about":[{"href":"https:\/\/diarioregionaldigital.com.br\/index.php?rest_route=\/wp\/v2\/types\/post"}],"author":[{"embeddable":true,"href":"https:\/\/diarioregionaldigital.com.br\/index.php?rest_route=\/wp\/v2\/users\/246"}],"replies":[{"embeddable":true,"href":"https:\/\/diarioregionaldigital.com.br\/index.php?rest_route=%2Fwp%2Fv2%2Fcomments&post=186394"}],"version-history":[{"count":1,"href":"https:\/\/diarioregionaldigital.com.br\/index.php?rest_route=\/wp\/v2\/posts\/186394\/revisions"}],"predecessor-version":[{"id":186396,"href":"https:\/\/diarioregionaldigital.com.br\/index.php?rest_route=\/wp\/v2\/posts\/186394\/revisions\/186396"}],"wp:featuredmedia":[{"embeddable":true,"href":"https:\/\/diarioregionaldigital.com.br\/index.php?rest_route=\/wp\/v2\/media\/186395"}],"wp:attachment":[{"href":"https:\/\/diarioregionaldigital.com.br\/index.php?rest_route=%2Fwp%2Fv2%2Fmedia&parent=186394"}],"wp:term":[{"taxonomy":"category","embeddable":true,"href":"https:\/\/diarioregionaldigital.com.br\/index.php?rest_route=%2Fwp%2Fv2%2Fcategories&post=186394"},{"taxonomy":"post_tag","embeddable":true,"href":"https:\/\/diarioregionaldigital.com.br\/index.php?rest_route=%2Fwp%2Fv2%2Ftags&post=186394"}],"curies":[{"name":"wp","href":"https:\/\/api.w.org\/{rel}","templated":true}]}}