{"id":186388,"date":"2021-08-04T17:08:53","date_gmt":"2021-08-04T20:08:53","guid":{"rendered":"https:\/\/diarioregionaldigital.com.br\/?p=186388"},"modified":"2021-08-04T17:08:53","modified_gmt":"2021-08-04T20:08:53","slug":"veja-como-fica-o-calendario-de-vacinacao-contra-covid-19-para-pessoas-de-25-e-26-anos","status":"publish","type":"post","link":"https:\/\/diarioregionaldigital.com.br\/?p=186388","title":{"rendered":"Veja como fica o calend\u00e1rio de vacina\u00e7\u00e3o contra Covid-19 para pessoas de 25 e 26 anos"},"content":{"rendered":"<p>A aplica\u00e7\u00e3o de primeiras doses contra o coronav\u00edrus retorna nesta quinta-feira, 5, para as pessoas com 26 anos completos, nascidas de janeiro a junho. Na sexta, 6, ser\u00e1 o dia dos nascidos entre julho e dezembro. A Secretaria de Sa\u00fade (SS) da Prefeitura de Juiz de Fora (PJF) tamb\u00e9m divulgou as datas de vacina\u00e7\u00e3o daqueles que t\u00eam 25 anos. Na segunda-feira, 9, recebem a primeira dose as pessoas de 25 anos completos, nascidas do m\u00eas de janeiro a junho, enquanto as que t\u00eam a mesma idade, mas que nasceram entre julho e dezembro, s\u00e3o vacinadas na ter\u00e7a-feira, 10.<\/p>\n<p>Segundo informa\u00e7\u00f5es do site da Prefeitura de Juiz de Fora, esta quinta-feira, a vacina\u00e7\u00e3o acontece no Sport Club JF e C\u00edrculo Militar, das 8h \u00e0s 16h, e nas UBSs do Bairro de Lourdes, Benfica, Nossa Senhora Aparecida, Nossa Senhora das Gra\u00e7as, Santa Luzia, S\u00e3o Pedro e Vila Ideal, das 8h \u00e0s 11h e das 13h \u00e0s 14h. Na sexta, segunda e ter\u00e7a-feira, o hor\u00e1rio de vacina\u00e7\u00e3o nas UBSs ser\u00e1 de 8h \u00e0s 11h e de 13h \u00e0s 16h.<\/p>\n<p><b>Documenta\u00e7\u00e3o Necess\u00e1ria<\/b><br \/>\nA Secret\u00e1ria de Sa\u00fade pede para as pessoas que v\u00e3o se vacinar por idade levarem, originais e c\u00f3pias, de documento de identifica\u00e7\u00e3o com foto &#8211; como documento de identidade (RG) ou carteira de motorista -, pr\u00e9-cadastro impresso e comprovante de resid\u00eancia, que ficar\u00e1 retido no local de imuniza\u00e7\u00e3o.<\/p>\n<p><b>Fique atento<\/b><br \/>\nQuem se vacinou contra Influenza e tem direito de se vacinar tamb\u00e9m contra a Covid-19 deve esperar pelo menos 14 dias entre o momento que recebeu a dose do imunizante contra a gripe para poder ser vacinado contra a Covid-19. Para quem foi diagnosticado com Covid-19, \u00e9 recomendado ao menos 30 dias de espera entre o come\u00e7o dos sintomas ou teste positivo (no caso dos assintom\u00e1ticos) para receber a vacina.<\/p>\n<p><b>Confira o calend\u00e1rio destinados ao p\u00fablico de 25 e 26 anos<\/b><\/p>\n<p><b>Quinta-feira<\/b>, 5\/8 &#8211; Pessoas de 26 anos nascidas entre janeiro e junho<br \/>\n<b>Sexta-feira<\/b>, 6\/8 &#8211; Pessoas de 26 anos nascidas entre julho e dezembro<br \/>\n<b>Segunda-feira<\/b>, 9\/8 &#8211; Pessoas de 25 anos nascidas entre janeiro e junho<br \/>\n<b>Ter\u00e7a-feira<\/b>, 10\/8 &#8211; Pessoas de 25 anos nascidas entre julho e dezembro<\/p>\n<p><b>Endere\u00e7os dos locais de vacina\u00e7\u00e3o:<\/b><\/p>\n<p><b>C\u00edrculo Militar<\/b><br \/>\nAvenida Bar\u00e3o do Rio Branco, 3.146<\/p>\n<p><b>Sport Club Juiz de Fora<\/b><br \/>\nAvenida Bar\u00e3o do Rio Branco, 1.303, Centro<\/p>\n<p><b>Sete UBSs refer\u00eancia que fazem vacina\u00e7\u00e3o contra Covid-19<\/b><br \/>\nUBS Bairro de Lourdes, Rua In\u00e1cio Gama, 813;<br \/>\nUBS Benfica, Rua Guararapes, 106;<br \/>\nUBS Nossa Senhora Aparecida, Rua Nossa Senhora Aparecida, 775;<br \/>\nUBS Nossa Senhora das Gra\u00e7as, Rua Queluz, 72<br \/>\nUBS Santa Luzia, Rua Torre\u00f5es, s\/n\u00ba<br \/>\nUBS S\u00e3o Pedro, Rua Jo\u00e3o Louren\u00e7o Kelmer, 1.433;<br \/>\nUBS Vila Ideal, Avenida Francisco Valadares, 1.910<\/p>\n","protected":false},"excerpt":{"rendered":"<p>A aplica\u00e7\u00e3o de primeiras doses contra o coronav\u00edrus retorna nesta quinta-feira, 5, para as pessoas com 26 anos completos, nascidas de janeiro a junho. Na sexta, 6, ser\u00e1 o dia dos nascidos entre julho e dezembro. A Secretaria de Sa\u00fade (SS) da Prefeitura de Juiz de Fora (PJF) tamb\u00e9m divulgou as datas de vacina\u00e7\u00e3o daqueles [&hellip;]<\/p>\n","protected":false},"author":246,"featured_media":186389,"comment_status":"closed","ping_status":"closed","sticky":false,"template":"","format":"standard","meta":{"footnotes":""},"categories":[253,440,439],"tags":[],"class_list":["post-186388","post","type-post","status-publish","format-standard","has-post-thumbnail","hentry","category-cidade","category-destaques-do-dia","category-ultima-hora"],"_links":{"self":[{"href":"https:\/\/diarioregionaldigital.com.br\/index.php?rest_route=\/wp\/v2\/posts\/186388","targetHints":{"allow":["GET"]}}],"collection":[{"href":"https:\/\/diarioregionaldigital.com.br\/index.php?rest_route=\/wp\/v2\/posts"}],"about":[{"href":"https:\/\/diarioregionaldigital.com.br\/index.php?rest_route=\/wp\/v2\/types\/post"}],"author":[{"embeddable":true,"href":"https:\/\/diarioregionaldigital.com.br\/index.php?rest_route=\/wp\/v2\/users\/246"}],"replies":[{"embeddable":true,"href":"https:\/\/diarioregionaldigital.com.br\/index.php?rest_route=%2Fwp%2Fv2%2Fcomments&post=186388"}],"version-history":[{"count":2,"href":"https:\/\/diarioregionaldigital.com.br\/index.php?rest_route=\/wp\/v2\/posts\/186388\/revisions"}],"predecessor-version":[{"id":186393,"href":"https:\/\/diarioregionaldigital.com.br\/index.php?rest_route=\/wp\/v2\/posts\/186388\/revisions\/186393"}],"wp:featuredmedia":[{"embeddable":true,"href":"https:\/\/diarioregionaldigital.com.br\/index.php?rest_route=\/wp\/v2\/media\/186389"}],"wp:attachment":[{"href":"https:\/\/diarioregionaldigital.com.br\/index.php?rest_route=%2Fwp%2Fv2%2Fmedia&parent=186388"}],"wp:term":[{"taxonomy":"category","embeddable":true,"href":"https:\/\/diarioregionaldigital.com.br\/index.php?rest_route=%2Fwp%2Fv2%2Fcategories&post=186388"},{"taxonomy":"post_tag","embeddable":true,"href":"https:\/\/diarioregionaldigital.com.br\/index.php?rest_route=%2Fwp%2Fv2%2Ftags&post=186388"}],"curies":[{"name":"wp","href":"https:\/\/api.w.org\/{rel}","templated":true}]}}