{"id":186384,"date":"2021-08-04T16:31:33","date_gmt":"2021-08-04T19:31:33","guid":{"rendered":"https:\/\/diarioregionaldigital.com.br\/?p=186384"},"modified":"2021-08-04T16:31:33","modified_gmt":"2021-08-04T19:31:33","slug":"felipe-dos-santos-fecha-primeiro-dia-do-decatlo-em-12o-lugar","status":"publish","type":"post","link":"https:\/\/diarioregionaldigital.com.br\/?p=186384","title":{"rendered":"Felipe dos Santos fecha primeiro dia do decatlo em 12\u00ba lugar"},"content":{"rendered":"<p>O brasileiro Felipe dos Santos concluiu em 12\u00ba lugar a primeira metade do decatlo na Olimp\u00edada de T\u00f3quio (Jap\u00e3o). A competi\u00e7\u00e3o,\u00a0\u00a0estreante nos Jogos, come\u00e7ou na noite desta ter\u00e7a-feira (3), no Est\u00e1dio Ol\u00edmpico, na capital japonesa, com tr\u00eas provas do atletismo. O atleta completou os 100 metros\u00a0rasos em\u00a010s58, somando 956 pontos. No salto em dist\u00e2ncia, ele alcan\u00e7ou 7,38 m e adicionou outros 905 pontos. Na terceira prova da noite, Felipe anotou 14,13 m, totalizando 736 pontos. Na manh\u00e3 de hoje (4), o brasileiro alcan\u00e7ou 2 m\u00a0no salto em altura, e na \u00faltima prova completou os\u00a0400 m rasos em 49s31, fechando o primeiro dia decatlo com somat\u00f3ria de 4266. A lideran\u00e7a ficou com o norte-americano\u00a0Ashley Moloney\u00a0com 4722.<img decoding=\"async\" src=\"https:\/\/agenciabrasil.ebc.com.br\/ebc.png?id=1417284&amp;o=node\" \/><img decoding=\"async\" src=\"https:\/\/agenciabrasil.ebc.com.br\/ebc.gif?id=1417284&amp;o=node\" \/><\/p>\n<p>Logo mais, a partir das 21h (hor\u00e1rio de Bras\u00edlia), os competidores disputar\u00e3o as \u00faltimas cinco provas da modalidade: lan\u00e7amento de peso, lan\u00e7amento de disco, lan\u00e7amento de dardo, salto com vara e a corrida de 1.500 metros.<\/p>\n<p><strong>Brasileiros no atletismo<\/strong><\/p>\n<p>No fim da noite desta ter\u00e7a-feira (3), Gabriel Constantino e Rafael Pereira foram eliminados nas baterias classificat\u00f3rias dos 10 m com barreiras. Constantino chegou em\u00a0\u00faltimo lugar (13s89), e Rafael Pereira em sexto (13s62).<\/p>\n<p><span style=\"font-weight: 400;\">Fonte: Ag\u00eancia Brasil <\/span><\/p>\n","protected":false},"excerpt":{"rendered":"<p>O brasileiro Felipe dos Santos concluiu em 12\u00ba lugar a primeira metade do decatlo na Olimp\u00edada de T\u00f3quio (Jap\u00e3o). A competi\u00e7\u00e3o,\u00a0\u00a0estreante nos Jogos, come\u00e7ou na noite desta ter\u00e7a-feira (3), no Est\u00e1dio Ol\u00edmpico, na capital japonesa, com tr\u00eas provas do atletismo. O atleta completou os 100 metros\u00a0rasos em\u00a010s58, somando 956 pontos. No salto em dist\u00e2ncia, ele [&hellip;]<\/p>\n","protected":false},"author":246,"featured_media":186385,"comment_status":"closed","ping_status":"closed","sticky":false,"template":"","format":"standard","meta":{"footnotes":""},"categories":[436,257,439],"tags":[],"class_list":["post-186384","post","type-post","status-publish","format-standard","has-post-thumbnail","hentry","category-destaque-da-semana","category-esporte","category-ultima-hora"],"_links":{"self":[{"href":"https:\/\/diarioregionaldigital.com.br\/index.php?rest_route=\/wp\/v2\/posts\/186384","targetHints":{"allow":["GET"]}}],"collection":[{"href":"https:\/\/diarioregionaldigital.com.br\/index.php?rest_route=\/wp\/v2\/posts"}],"about":[{"href":"https:\/\/diarioregionaldigital.com.br\/index.php?rest_route=\/wp\/v2\/types\/post"}],"author":[{"embeddable":true,"href":"https:\/\/diarioregionaldigital.com.br\/index.php?rest_route=\/wp\/v2\/users\/246"}],"replies":[{"embeddable":true,"href":"https:\/\/diarioregionaldigital.com.br\/index.php?rest_route=%2Fwp%2Fv2%2Fcomments&post=186384"}],"version-history":[{"count":1,"href":"https:\/\/diarioregionaldigital.com.br\/index.php?rest_route=\/wp\/v2\/posts\/186384\/revisions"}],"predecessor-version":[{"id":186386,"href":"https:\/\/diarioregionaldigital.com.br\/index.php?rest_route=\/wp\/v2\/posts\/186384\/revisions\/186386"}],"wp:featuredmedia":[{"embeddable":true,"href":"https:\/\/diarioregionaldigital.com.br\/index.php?rest_route=\/wp\/v2\/media\/186385"}],"wp:attachment":[{"href":"https:\/\/diarioregionaldigital.com.br\/index.php?rest_route=%2Fwp%2Fv2%2Fmedia&parent=186384"}],"wp:term":[{"taxonomy":"category","embeddable":true,"href":"https:\/\/diarioregionaldigital.com.br\/index.php?rest_route=%2Fwp%2Fv2%2Fcategories&post=186384"},{"taxonomy":"post_tag","embeddable":true,"href":"https:\/\/diarioregionaldigital.com.br\/index.php?rest_route=%2Fwp%2Fv2%2Ftags&post=186384"}],"curies":[{"name":"wp","href":"https:\/\/api.w.org\/{rel}","templated":true}]}}