{"id":186381,"date":"2021-08-04T16:25:51","date_gmt":"2021-08-04T19:25:51","guid":{"rendered":"https:\/\/diarioregionaldigital.com.br\/?p=186381"},"modified":"2021-08-04T16:25:51","modified_gmt":"2021-08-04T19:25:51","slug":"coi-suspende-inquerito-sobre-protesto-de-saunders-e-mantem-caso-mao","status":"publish","type":"post","link":"https:\/\/diarioregionaldigital.com.br\/?p=186381","title":{"rendered":"COI suspende inqu\u00e9rito sobre protesto de Saunders e mant\u00e9m caso Mao"},"content":{"rendered":"<p>O Comit\u00ea Ol\u00edmpico Internacional (COI) disse nesta quarta-feira (4) que ainda est\u00e1 esperando uma explica\u00e7\u00e3o formal das autoridades ol\u00edmpicas da China sobre o motivo de duas de suas ciclistas terem subido ao p\u00f3dio usando emblemas com o rosto do ex-l\u00edder Mao Ts\u00e9-Tung nos Jogos de T\u00f3quio.<\/p>\n<p>O COI tamb\u00e9m informou que suspendeu a investiga\u00e7\u00e3o sobre um gesto feito pela medalhista de prata de arremesso de peso norte-americana Raven Saunders no p\u00f3dio ap\u00f3s a morte da m\u00e3e da atleta.<\/p>\n<p>O Comit\u00ea Ol\u00edmpico Chin\u00eas disse que providenciar\u00e1 um relat\u00f3rio &#8220;em breve&#8221; e garantiu ao COI que o gesto n\u00e3o se repetir\u00e1.<\/p>\n<p>&#8220;Estamos em contato com o Comit\u00ea Ol\u00edmpico Chin\u00eas, que nos garante que receberemos uma resposta formal plena em breve&#8221;, disse o porta-voz do COI, Mark Adams. &#8220;Mas eles tamb\u00e9m nos garantem que isto n\u00e3o acontecer\u00e1 novamente&#8221;.<\/p>\n<p>As ciclistas Bao Shanju e Zhong Tianshi usaram os emblemas durante a cerim\u00f4nia de entrega de medalhas na segunda-feira, uma poss\u00edvel viola\u00e7\u00e3o das regras ol\u00edmpicas sobre a exibi\u00e7\u00e3o de objetos de teor pol\u00edtico.<\/p>\n<p>A dupla usou os emblemas, comuns na China durante meio s\u00e9culo, mas uma poss\u00edvel viola\u00e7\u00e3o da Regra 50 da Carta Ol\u00edmpica, depois de conquistarem o t\u00edtulo de velocidade de equipe feminina de ciclismo no Vel\u00f3dromo de Izu.<\/p>\n<p>Embora o COI tenha suavizado sua Regra 50 no m\u00eas passado para permitir gestos, como se ajoelhar, contanto que n\u00e3o atrapalhem o evento e com respeito pelos outros competidores, proibiu tais manifesta\u00e7\u00f5es nos p\u00f3dios.<\/p>\n<p>No in\u00edcio da semana, a entidade disse estar investigando Saunders por ela ter feito um X com os bra\u00e7os acima da cabe\u00e7a na cerim\u00f4nia de premia\u00e7\u00e3o no domingo (1\u00ba), o que mais tarde ela indicou ter se tratado de uma express\u00e3o de apoio aos oprimidos.<\/p>\n<p>&#8220;Ouvimos nesta manh\u00e3 a not\u00edcia muito triste do falecimento da m\u00e3e de Raven Saunders&#8221;, disse Adams. &#8220;O COI oferece suas condol\u00eancias a Raven e sua fam\u00edlia. Voc\u00eas entender\u00e3o que, dadas as circunst\u00e2ncias, o processo est\u00e1 totalmente suspenso por ora&#8221;.<\/p>\n<p>O Comit\u00ea Ol\u00edmpico e Paral\u00edmpico dos Estados Unidos (USOPC) disse que o gesto n\u00e3o violou suas regras, j\u00e1 que foi uma &#8220;express\u00e3o pac\u00edfica em apoio \u00e0 justi\u00e7a racial e social que foi respeitosa com seus concorrentes&#8221;.<\/p>\n<p><span style=\"font-weight: 400;\">Fonte: Ag\u00eancia Brasil <\/span><\/p>\n","protected":false},"excerpt":{"rendered":"<p>O Comit\u00ea Ol\u00edmpico Internacional (COI) disse nesta quarta-feira (4) que ainda est\u00e1 esperando uma explica\u00e7\u00e3o formal das autoridades ol\u00edmpicas da China sobre o motivo de duas de suas ciclistas terem subido ao p\u00f3dio usando emblemas com o rosto do ex-l\u00edder Mao Ts\u00e9-Tung nos Jogos de T\u00f3quio. O COI tamb\u00e9m informou que suspendeu a investiga\u00e7\u00e3o sobre [&hellip;]<\/p>\n","protected":false},"author":246,"featured_media":186382,"comment_status":"closed","ping_status":"closed","sticky":false,"template":"","format":"standard","meta":{"footnotes":""},"categories":[436,257,439],"tags":[],"class_list":["post-186381","post","type-post","status-publish","format-standard","has-post-thumbnail","hentry","category-destaque-da-semana","category-esporte","category-ultima-hora"],"_links":{"self":[{"href":"https:\/\/diarioregionaldigital.com.br\/index.php?rest_route=\/wp\/v2\/posts\/186381","targetHints":{"allow":["GET"]}}],"collection":[{"href":"https:\/\/diarioregionaldigital.com.br\/index.php?rest_route=\/wp\/v2\/posts"}],"about":[{"href":"https:\/\/diarioregionaldigital.com.br\/index.php?rest_route=\/wp\/v2\/types\/post"}],"author":[{"embeddable":true,"href":"https:\/\/diarioregionaldigital.com.br\/index.php?rest_route=\/wp\/v2\/users\/246"}],"replies":[{"embeddable":true,"href":"https:\/\/diarioregionaldigital.com.br\/index.php?rest_route=%2Fwp%2Fv2%2Fcomments&post=186381"}],"version-history":[{"count":1,"href":"https:\/\/diarioregionaldigital.com.br\/index.php?rest_route=\/wp\/v2\/posts\/186381\/revisions"}],"predecessor-version":[{"id":186383,"href":"https:\/\/diarioregionaldigital.com.br\/index.php?rest_route=\/wp\/v2\/posts\/186381\/revisions\/186383"}],"wp:featuredmedia":[{"embeddable":true,"href":"https:\/\/diarioregionaldigital.com.br\/index.php?rest_route=\/wp\/v2\/media\/186382"}],"wp:attachment":[{"href":"https:\/\/diarioregionaldigital.com.br\/index.php?rest_route=%2Fwp%2Fv2%2Fmedia&parent=186381"}],"wp:term":[{"taxonomy":"category","embeddable":true,"href":"https:\/\/diarioregionaldigital.com.br\/index.php?rest_route=%2Fwp%2Fv2%2Fcategories&post=186381"},{"taxonomy":"post_tag","embeddable":true,"href":"https:\/\/diarioregionaldigital.com.br\/index.php?rest_route=%2Fwp%2Fv2%2Ftags&post=186381"}],"curies":[{"name":"wp","href":"https:\/\/api.w.org\/{rel}","templated":true}]}}