{"id":186378,"date":"2021-08-04T16:23:21","date_gmt":"2021-08-04T19:23:21","guid":{"rendered":"https:\/\/diarioregionaldigital.com.br\/?p=186378"},"modified":"2021-08-04T16:23:21","modified_gmt":"2021-08-04T19:23:21","slug":"brasil-bate-recorde-de-mulheres-medalhistas-em-toquio-com-ana-marcela","status":"publish","type":"post","link":"https:\/\/diarioregionaldigital.com.br\/?p=186378","title":{"rendered":"Brasil bate recorde de mulheres medalhistas em T\u00f3quio com Ana Marcela"},"content":{"rendered":"<p>A medalha de ouro conquistada por Ana Marcela Cunha na maratona aqu\u00e1tica foi a oitava de mulheres brasileiras nos Jogos Ol\u00edmpicos de T\u00f3quio, um recorde para uma edi\u00e7\u00e3o de Olimp\u00edada, superando as sete de Pequim 2008.<\/p>\n<p>Das quatro medalhas de ouro do pa\u00eds at\u00e9 agora em T\u00f3quio, tr\u00eas foram conquistadas por mulheres: al\u00e9m da nadadora Ana Marcela, a ginasta Rebeca Andrade e as bicampe\u00e3s ol\u00edmpicas da vela Martine Grael e Kahena Kunze tamb\u00e9m subiram ao lugar mais alto do p\u00f3dio.<\/p>\n<p>&#8220;Nem nos meus melhores sonhos imaginei que a minha medalha iria ser a do recorde das mulheres&#8221;, afirmou Ana Marcela, segundo nota no site do Time Brasil.<\/p>\n<p>Antes de ela cruzar a linha de chegada em primeiro lugar, o Brasil j\u00e1 havia conquistado dois ouros, duas pratas e dois bronzes com as mulheres, al\u00e9m de ter uma medalha assegurada por Beatriz Ferreira no boxe. Em Pequim 2008, foram sete medalhas.<\/p>\n<p>Ana Marcela, que disputou sua primeira Olimp\u00edada com apenas 16 anos nos Jogos de Pequim, \u00e9 um dos principais nomes do esporte no cen\u00e1rio internacional, mas nunca havia conquistado uma medalha ol\u00edmpica.<\/p>\n<p>&#8220;Em 2008, primeira Olimp\u00edada, foi um aprendizado. Em Londres, ficar fora tamb\u00e9m foi. No Rio, ser cotada como uma das favoritas \u00e0 medalha e n\u00e3o conseguir, eu soube lidar com isso e tudo que passei me deu mais motivos e gana para ganhar\u201d, disse ela. &#8220;Eu sempre acreditei nos meus sonhos, nos da minha fam\u00edlia, nos das pessoas que acreditaram em mim. Sou uma pessoa muito realizada principalmente por ter pessoas positivas ao meu lado. Isso me fez sempre continuar. Mesmo n\u00e3o ganhando medalha em 2008, e em 2012, e sendo uma decep\u00e7\u00e3o para muitos brasileiros em 2016, acho que sempre acreditei muito naquilo que estava guardado para mim. S\u00e3o 13 anos de espera e essa medalha representa muito\u201d, acrescentou.<\/p>\n<p><span style=\"font-weight: 400;\">Fonte: Ag\u00eancia Brasil <\/span><\/p>\n","protected":false},"excerpt":{"rendered":"<p>A medalha de ouro conquistada por Ana Marcela Cunha na maratona aqu\u00e1tica foi a oitava de mulheres brasileiras nos Jogos Ol\u00edmpicos de T\u00f3quio, um recorde para uma edi\u00e7\u00e3o de Olimp\u00edada, superando as sete de Pequim 2008. Das quatro medalhas de ouro do pa\u00eds at\u00e9 agora em T\u00f3quio, tr\u00eas foram conquistadas por mulheres: al\u00e9m da nadadora [&hellip;]<\/p>\n","protected":false},"author":246,"featured_media":186379,"comment_status":"closed","ping_status":"closed","sticky":false,"template":"","format":"standard","meta":{"footnotes":""},"categories":[436,257,439],"tags":[],"class_list":["post-186378","post","type-post","status-publish","format-standard","has-post-thumbnail","hentry","category-destaque-da-semana","category-esporte","category-ultima-hora"],"_links":{"self":[{"href":"https:\/\/diarioregionaldigital.com.br\/index.php?rest_route=\/wp\/v2\/posts\/186378","targetHints":{"allow":["GET"]}}],"collection":[{"href":"https:\/\/diarioregionaldigital.com.br\/index.php?rest_route=\/wp\/v2\/posts"}],"about":[{"href":"https:\/\/diarioregionaldigital.com.br\/index.php?rest_route=\/wp\/v2\/types\/post"}],"author":[{"embeddable":true,"href":"https:\/\/diarioregionaldigital.com.br\/index.php?rest_route=\/wp\/v2\/users\/246"}],"replies":[{"embeddable":true,"href":"https:\/\/diarioregionaldigital.com.br\/index.php?rest_route=%2Fwp%2Fv2%2Fcomments&post=186378"}],"version-history":[{"count":1,"href":"https:\/\/diarioregionaldigital.com.br\/index.php?rest_route=\/wp\/v2\/posts\/186378\/revisions"}],"predecessor-version":[{"id":186380,"href":"https:\/\/diarioregionaldigital.com.br\/index.php?rest_route=\/wp\/v2\/posts\/186378\/revisions\/186380"}],"wp:featuredmedia":[{"embeddable":true,"href":"https:\/\/diarioregionaldigital.com.br\/index.php?rest_route=\/wp\/v2\/media\/186379"}],"wp:attachment":[{"href":"https:\/\/diarioregionaldigital.com.br\/index.php?rest_route=%2Fwp%2Fv2%2Fmedia&parent=186378"}],"wp:term":[{"taxonomy":"category","embeddable":true,"href":"https:\/\/diarioregionaldigital.com.br\/index.php?rest_route=%2Fwp%2Fv2%2Fcategories&post=186378"},{"taxonomy":"post_tag","embeddable":true,"href":"https:\/\/diarioregionaldigital.com.br\/index.php?rest_route=%2Fwp%2Fv2%2Ftags&post=186378"}],"curies":[{"name":"wp","href":"https:\/\/api.w.org\/{rel}","templated":true}]}}