{"id":186372,"date":"2021-08-04T16:11:14","date_gmt":"2021-08-04T19:11:14","guid":{"rendered":"https:\/\/diarioregionaldigital.com.br\/?p=186372"},"modified":"2021-08-04T16:11:14","modified_gmt":"2021-08-04T19:11:14","slug":"camara-aprova-projeto-sobre-regularizacao-fundiaria","status":"publish","type":"post","link":"https:\/\/diarioregionaldigital.com.br\/?p=186372","title":{"rendered":"C\u00e2mara aprova projeto sobre regulariza\u00e7\u00e3o fundi\u00e1ria"},"content":{"rendered":"<p>A C\u00e2mara dos Deputados aprovou nesta ter\u00e7a-feira (3), por 296 votos a 136 contr\u00e1rios, o projeto de lei que amplia o tamanho de terras da Uni\u00e3o pass\u00edveis de regulariza\u00e7\u00e3o por autodeclara\u00e7\u00e3o. Na pr\u00e1tica, a mat\u00e9ria prev\u00ea a possibilidade de regulariza\u00e7\u00e3o sem vistoria pr\u00e9via do Instituto Nacional de Coloniza\u00e7\u00e3o e Reforma Agr\u00e1ria (Incra). O texto segue para o Senado.<img decoding=\"async\" src=\"https:\/\/agenciabrasil.ebc.com.br\/ebc.png?id=1417272&amp;o=node\" \/><img decoding=\"async\" src=\"https:\/\/agenciabrasil.ebc.com.br\/ebc.gif?id=1417272&amp;o=node\" \/><\/p>\n<p>Pela proposta, bastar\u00e1 a an\u00e1lise de documentos e de declara\u00e7\u00e3o do ocupante de que segue a legisla\u00e7\u00e3o ambiental. O texto altera de quatro para seis m\u00f3dulos fiscais o tamanho da propriedade ocupada que poder\u00e1 ser regularizada com a dispensa da vistoria. Esses m\u00f3dulos s\u00e3o unidades em hectare definida pelo Incra, que varia de 5 a 110 hectares, conforme cada munic\u00edpio.<\/p>\n<p>Poder se beneficiar da medida, quem se enquadrar nestas condi\u00e7\u00f5es: im\u00f3vel registrado no Cadastro Ambiental Rural (CAR); ades\u00e3o ao Programa de Regulariza\u00e7\u00e3o Ambiental (PRA); ou o interessado assinar termo de compromisso ou de ajustamento de conduta para recuperar vegeta\u00e7\u00e3o extra\u00edda de reserva legal ou de \u00c1rea de Preserva\u00e7\u00e3o Permanente (APP).<\/p>\n<p>O texto prev\u00ea a inclus\u00e3o de im\u00f3veis da Uni\u00e3o e do Incra em todo o pa\u00eds, em vez de apenas os localizados na Amaz\u00f4nia Legal, mas a data de refer\u00eancia da ocupa\u00e7\u00e3o continua a ser 22 de julho de 2008, j\u00e1 prevista na lei atual.<\/p>\n<p>Para o relator da medida, deputado Bosco Saraiva (Solidariedade-AM),\u00a0o objetivo central do projeto \u00e9 atualizar a legisla\u00e7\u00e3o diante de avan\u00e7os no monitoramento de terras. \u201cTrazemos uma proposta s\u00f3lida e justa, que concilia diferentes interesses e que foi constru\u00edda sob o prisma das diferentes facetas de um desenvolvimento sustent\u00e1vel\u201d, declarou.<\/p>\n<p><strong>Oposi\u00e7\u00e3o<\/strong><\/p>\n<p>A oposi\u00e7\u00e3o obstruiu a vota\u00e7\u00e3o para tentar adiar a sess\u00e3o e aprofundar a discuss\u00e3o. Para os parlamentares, a autodeclara\u00e7\u00e3o pode estimular o desmatamento e a grilagem de terras. Segundo a deputada Joenia Wapichana (Rede-RR) a medida pode impactar diretamente \u00e0s popula\u00e7\u00f5es tradicionais.<\/p>\n<p>\u201cExiste uma demanda ainda em rela\u00e7\u00e3o \u00e0 demarca\u00e7\u00e3o de terras ind\u00edgenas. H\u00e1 terras ind\u00edgenas que constantemente s\u00e3o invadidas, \u00e1reas de prote\u00e7\u00e3o ambiental que est\u00e3o em risco. Na Amaz\u00f4nia, n\u00f3s estamos vendo um cen\u00e1rio cada vez mais conflituoso em meios rurais\u201d, alertou.<\/p>\n<p>O texto estabelece que terras ocupadas por comunidades quilombolas ou tradicionais que fa\u00e7am uso coletivo da \u00e1rea devem ser regularizadas de acordo com normas espec\u00edficas.<\/p>\n<p><span style=\"font-weight: 400;\">Fonte: Ag\u00eancia Brasil <\/span><\/p>\n","protected":false},"excerpt":{"rendered":"<p>A C\u00e2mara dos Deputados aprovou nesta ter\u00e7a-feira (3), por 296 votos a 136 contr\u00e1rios, o projeto de lei que amplia o tamanho de terras da Uni\u00e3o pass\u00edveis de regulariza\u00e7\u00e3o por autodeclara\u00e7\u00e3o. Na pr\u00e1tica, a mat\u00e9ria prev\u00ea a possibilidade de regulariza\u00e7\u00e3o sem vistoria pr\u00e9via do Instituto Nacional de Coloniza\u00e7\u00e3o e Reforma Agr\u00e1ria (Incra). O texto segue [&hellip;]<\/p>\n","protected":false},"author":246,"featured_media":186373,"comment_status":"closed","ping_status":"closed","sticky":false,"template":"","format":"standard","meta":{"footnotes":""},"categories":[436,254,439],"tags":[],"class_list":["post-186372","post","type-post","status-publish","format-standard","has-post-thumbnail","hentry","category-destaque-da-semana","category-politica","category-ultima-hora"],"_links":{"self":[{"href":"https:\/\/diarioregionaldigital.com.br\/index.php?rest_route=\/wp\/v2\/posts\/186372","targetHints":{"allow":["GET"]}}],"collection":[{"href":"https:\/\/diarioregionaldigital.com.br\/index.php?rest_route=\/wp\/v2\/posts"}],"about":[{"href":"https:\/\/diarioregionaldigital.com.br\/index.php?rest_route=\/wp\/v2\/types\/post"}],"author":[{"embeddable":true,"href":"https:\/\/diarioregionaldigital.com.br\/index.php?rest_route=\/wp\/v2\/users\/246"}],"replies":[{"embeddable":true,"href":"https:\/\/diarioregionaldigital.com.br\/index.php?rest_route=%2Fwp%2Fv2%2Fcomments&post=186372"}],"version-history":[{"count":1,"href":"https:\/\/diarioregionaldigital.com.br\/index.php?rest_route=\/wp\/v2\/posts\/186372\/revisions"}],"predecessor-version":[{"id":186374,"href":"https:\/\/diarioregionaldigital.com.br\/index.php?rest_route=\/wp\/v2\/posts\/186372\/revisions\/186374"}],"wp:featuredmedia":[{"embeddable":true,"href":"https:\/\/diarioregionaldigital.com.br\/index.php?rest_route=\/wp\/v2\/media\/186373"}],"wp:attachment":[{"href":"https:\/\/diarioregionaldigital.com.br\/index.php?rest_route=%2Fwp%2Fv2%2Fmedia&parent=186372"}],"wp:term":[{"taxonomy":"category","embeddable":true,"href":"https:\/\/diarioregionaldigital.com.br\/index.php?rest_route=%2Fwp%2Fv2%2Fcategories&post=186372"},{"taxonomy":"post_tag","embeddable":true,"href":"https:\/\/diarioregionaldigital.com.br\/index.php?rest_route=%2Fwp%2Fv2%2Ftags&post=186372"}],"curies":[{"name":"wp","href":"https:\/\/api.w.org\/{rel}","templated":true}]}}