{"id":186369,"date":"2021-08-04T16:08:45","date_gmt":"2021-08-04T19:08:45","guid":{"rendered":"https:\/\/diarioregionaldigital.com.br\/?p=186369"},"modified":"2021-08-04T16:08:45","modified_gmt":"2021-08-04T19:08:45","slug":"ministro-das-comunicacoes-diz-que-privatizacao-valorizara-os-correios","status":"publish","type":"post","link":"https:\/\/diarioregionaldigital.com.br\/?p=186369","title":{"rendered":"Ministro das Comunica\u00e7\u00f5es diz que privatiza\u00e7\u00e3o valorizar\u00e1 os Correios"},"content":{"rendered":"<p>\u201cN\u00f3s temos que preservar os Correios, valorizar os Correios\u201d. A afirma\u00e7\u00e3o foi feita hoje (3) pelo ministro das Comunica\u00e7\u00f5es, F\u00e1bio Faria, ap\u00f3s inaugurar o Museu da R\u00e1dio Nacional do Rio de Janeiro.\u00a0<img decoding=\"async\" src=\"https:\/\/agenciabrasil.ebc.com.br\/ebc.png?id=1417248&amp;o=node\" \/><img decoding=\"async\" src=\"https:\/\/agenciabrasil.ebc.com.br\/ebc.gif?id=1417248&amp;o=node\" \/><\/p>\n<p>O ministro explicou que existem muitas empresas atuando hoje no Brasil, sejam nacionais ou internacionais, que \u201cv\u00eam, ano a ano, buscando um market share (quota de mercado) importante de encomendas que os Correios, por n\u00e3o ter recursos para investir e manter a sua competitividade, vai chegar um momento em que v\u00e3o perder praticamente todo o seu market share de vendas e de encomendas para essas empresas. E a gente precisa fazer com que os Correios sejam preservados\u201d.<\/p>\n<p>O ministro anunciou que amanh\u00e3 (4), \u00e0s 10h, o relator do\u00a0<a href=\"https:\/\/www.camara.leg.br\/proposicoesWeb\/prop_mostrarintegra?codteor=1972837\" target=\"_blank\" rel=\"noopener\">Projeto de Lei 591\/210<\/a>, que autoriza a explora\u00e7\u00e3o de servi\u00e7os postais pela iniciativa privada, se reunir\u00e1 com todos os l\u00edderes de partidos para conversar sobre os Correios. A proposta \u00e9 considerada pelos parlamentares a privatiza\u00e7\u00e3o dos Correios.<\/p>\n<p>\u201cA gente sabe que \u00e9 a \u00faltima janela que temos para preservar os Correios e garantir o que manda a Constitui\u00e7\u00e3o, no Artigo 21, inciso 10, que \u00e9 dever da Uni\u00e3o a manuten\u00e7\u00e3o dos servi\u00e7os postais. A gente s\u00f3 consegue fazer essa manuten\u00e7\u00e3o fazendo com que quem adquirir a empresa vai ganhar o b\u00f4nus, que \u00e9 a parte das encomendas, da log\u00edstica, de intelig\u00eancia, e ela tamb\u00e9m vai ter que preservar os 95% dos brasileiros que recebem cartas e encomendas ao redor do Brasil. Isso est\u00e1 garantido. N\u00f3s garantiremos, de uma vez por todas, a universaliza\u00e7\u00e3o das entregas dos Correios, com esse processo\u201d, disse Faria.<\/p>\n<p>Segundo o ministro, a privatiza\u00e7\u00e3o n\u00e3o vai onerar o cidad\u00e3o. \u201cNo site gov.br\/pelofuturodoscorreios, n\u00f3s colocamos a estabilidade dos funcion\u00e1rios por um per\u00edodo, a quest\u00e3o dos pre\u00e7os\u201d. Faria afirmou que ap\u00f3s oito meses de trabalho com as consultorias, com o Banco Nacional de Desenvolvimento Econ\u00f4mico e Social (BNDES) e conversando com as bancadas partid\u00e1rias, chegou-se ao modelo atual para a empresa.<\/p>\n<p>O ministro disse que sem a privatiza\u00e7\u00e3o \u201cn\u00f3s n\u00e3o saberemos o que vai acontecer daqui a tr\u00eas, quatro, cinco anos se, por um acaso, todas essas empresas forem, ano a ano, tirando a participa\u00e7\u00e3o de mercado dos Correios\u201d.<\/p>\n<p>Nessa hip\u00f3tese, o ministro disse que a Uni\u00e3o ter\u00e1 de bancar 100% os Correios, cujo custo alcan\u00e7a R$ 20 bilh\u00f5es por ano. \u201cNem cabe no teto de gastos, e a gente sabe que tem muitas pol\u00edticas p\u00fablicas que temos que manter, como sa\u00fade, educa\u00e7\u00e3o, como seguran\u00e7a, e a gente n\u00e3o tem como fazer que um custo de R$ 20 bilh\u00f5es seja arcado pela Uni\u00e3o\u201d.<\/p>\n<p>Para o ministro das Comunica\u00e7\u00f5es, a privatiza\u00e7\u00e3o \u00e9 a \u00fanica sa\u00edda para os Correios. \u201cEu tenho certeza que o Congresso, tanto a C\u00e2mara como o Senado, que s\u00e3o soberanos, far\u00e1 uma vota\u00e7\u00e3o justa para os Correios, para os funcion\u00e1rios, para essa empresa que d\u00e1 orgulho ao Brasil\u201d.<\/p>\n<p><span style=\"font-weight: 400;\">Fonte: Ag\u00eancia Brasil <\/span><\/p>\n","protected":false},"excerpt":{"rendered":"<p>\u201cN\u00f3s temos que preservar os Correios, valorizar os Correios\u201d. A afirma\u00e7\u00e3o foi feita hoje (3) pelo ministro das Comunica\u00e7\u00f5es, F\u00e1bio Faria, ap\u00f3s inaugurar o Museu da R\u00e1dio Nacional do Rio de Janeiro.\u00a0 O ministro explicou que existem muitas empresas atuando hoje no Brasil, sejam nacionais ou internacionais, que \u201cv\u00eam, ano a ano, buscando um market [&hellip;]<\/p>\n","protected":false},"author":246,"featured_media":186370,"comment_status":"closed","ping_status":"closed","sticky":false,"template":"","format":"standard","meta":{"footnotes":""},"categories":[436,254,439],"tags":[],"class_list":["post-186369","post","type-post","status-publish","format-standard","has-post-thumbnail","hentry","category-destaque-da-semana","category-politica","category-ultima-hora"],"_links":{"self":[{"href":"https:\/\/diarioregionaldigital.com.br\/index.php?rest_route=\/wp\/v2\/posts\/186369","targetHints":{"allow":["GET"]}}],"collection":[{"href":"https:\/\/diarioregionaldigital.com.br\/index.php?rest_route=\/wp\/v2\/posts"}],"about":[{"href":"https:\/\/diarioregionaldigital.com.br\/index.php?rest_route=\/wp\/v2\/types\/post"}],"author":[{"embeddable":true,"href":"https:\/\/diarioregionaldigital.com.br\/index.php?rest_route=\/wp\/v2\/users\/246"}],"replies":[{"embeddable":true,"href":"https:\/\/diarioregionaldigital.com.br\/index.php?rest_route=%2Fwp%2Fv2%2Fcomments&post=186369"}],"version-history":[{"count":1,"href":"https:\/\/diarioregionaldigital.com.br\/index.php?rest_route=\/wp\/v2\/posts\/186369\/revisions"}],"predecessor-version":[{"id":186371,"href":"https:\/\/diarioregionaldigital.com.br\/index.php?rest_route=\/wp\/v2\/posts\/186369\/revisions\/186371"}],"wp:featuredmedia":[{"embeddable":true,"href":"https:\/\/diarioregionaldigital.com.br\/index.php?rest_route=\/wp\/v2\/media\/186370"}],"wp:attachment":[{"href":"https:\/\/diarioregionaldigital.com.br\/index.php?rest_route=%2Fwp%2Fv2%2Fmedia&parent=186369"}],"wp:term":[{"taxonomy":"category","embeddable":true,"href":"https:\/\/diarioregionaldigital.com.br\/index.php?rest_route=%2Fwp%2Fv2%2Fcategories&post=186369"},{"taxonomy":"post_tag","embeddable":true,"href":"https:\/\/diarioregionaldigital.com.br\/index.php?rest_route=%2Fwp%2Fv2%2Ftags&post=186369"}],"curies":[{"name":"wp","href":"https:\/\/api.w.org\/{rel}","templated":true}]}}