{"id":186364,"date":"2021-08-04T16:06:23","date_gmt":"2021-08-04T19:06:23","guid":{"rendered":"https:\/\/diarioregionaldigital.com.br\/?p=186364"},"modified":"2021-08-04T16:06:23","modified_gmt":"2021-08-04T19:06:23","slug":"vacinacao-contra-covid-19-ultrapassa-marca-de-10-milhoes-de-primeiras-doses-aplicadas-no-estado","status":"publish","type":"post","link":"https:\/\/diarioregionaldigital.com.br\/?p=186364","title":{"rendered":"Vacina\u00e7\u00e3o contra covid-19 ultrapassa marca de 10 milh\u00f5es de primeiras doses aplicadas no estado"},"content":{"rendered":"<p dir=\"ltr\">Com uma m\u00e9dia m\u00f3vel de 224 mil doses aplicadas diariamente, Minas Gerais inicia o m\u00eas de agosto com 10.199.777 pessoas imunizadas com a primeira dose da vacina contra a covid-19, o que representa 62,23% de pessoas acima de 18 anos vacinadas. Referente \u00e0s doses \u00fanicas ou segunda dose, foram 4.196.551 pessoas imunizadas, cobertura vacinal de 25,6%.<\/p>\n<p dir=\"ltr\">Na avalia\u00e7\u00e3o da diretora de Vigil\u00e2ncia de Agravos Transmiss\u00edveis da\u00a0<a href=\"http:\/\/www.saude.mg.gov.br\/\">Secretaria de Estado de Sa\u00fade de Minas Gerais (SES-MG)<\/a>, Marcela Ferraz, esse \u00e9 um marco muito importante de uma campanha que tem sido promovida desde janeiro de 2021. \u201cAgora j\u00e1 come\u00e7amos a observar um reflexo positivo da vacina\u00e7\u00e3o, com queda em indicadores importantes relacionados \u00e0 covid-19, como a redu\u00e7\u00e3o nas interna\u00e7\u00f5es, no n\u00famero de \u00f3bitos e de munic\u00edpios que registram mortes pela doen\u00e7a\u201d, aponta.<\/p>\n<p dir=\"ltr\">O\u00a0<a href=\"https:\/\/www.mg.gov.br\/\">Governo de Minas<\/a>\u00a0pretende imunizar todas as pessoas acima de 18 anos com a primeira dose at\u00e9 o fim de setembro. A cobertura depende do envio de doses suficientes pelo Minist\u00e9rio da Sa\u00fade.<\/p>\n<p dir=\"ltr\"><strong>Log\u00edstica<\/strong><\/p>\n<p dir=\"ltr\">Minas Gerais tem 586.528 quil\u00f4metros de extens\u00e3o territorial, o que exige organiza\u00e7\u00e3o minuciosa para distribui\u00e7\u00e3o eficiente das vacinas, mantendo tamb\u00e9m a austeridade nos gastos. A SES-MG tem trabalhado para que as vacinas cheguem aos cidad\u00e3os no menor tempo poss\u00edvel. &#8220;Temos investido em uma opera\u00e7\u00e3o log\u00edstica bastante eficiente para reduzir o tempo de guarda dessas vacinas aqui na secretaria\u201d, pontua Ferraz. A a\u00e7\u00e3o conta com o apoio do\u00a0<a href=\"http:\/\/bombeiros.mg.gov.br\/\">Corpo de Bombeiros Militar de Minas Gerais (CBMMG)<\/a>\u00a0e das pol\u00edcias\u00a0<a href=\"https:\/\/www.policiamilitar.mg.gov.br\/\">Militar<\/a>\u00a0e\u00a0<a href=\"http:\/\/www.policiacivil.mg.gov.br\/\">Civil<\/a>.<\/p>\n<p dir=\"ltr\">At\u00e9 ter\u00e7a-feira (3\/8), Minas Gerais havia recebido 18.137.444 doses de imunizantes contra a covid-19. A \u00faltima remessa enviada pelo Minist\u00e9rio da Sa\u00fade, na sexta-feira (30\/7), ser\u00e1 destinada \u00e0 aplica\u00e7\u00e3o da primeira e da segunda dose em caminhoneiros e trabalhadores industriais dos munic\u00edpios que ainda n\u00e3o conclu\u00edram a vacina\u00e7\u00e3o desses grupos. Tamb\u00e9m devem ser vacinados adultos de 50 a 54 anos e a segunda dose aplicada em pessoas com comorbidade e com defici\u00eancia permanente grave.<\/p>\n<p dir=\"ltr\"><strong>Segunda dose e preven\u00e7\u00e3o<\/strong><\/p>\n<p dir=\"ltr\">A SES-MG refor\u00e7a que \u00e9 importante que a popula\u00e7\u00e3o fique atenta ao calend\u00e1rio de vacina\u00e7\u00e3o em sua cidade. \u00c9 preciso procurar as unidades de sa\u00fade para receber a primeira dose e retornar dentro do per\u00edodo estipulado para a segunda. \u201cSomente com imuniza\u00e7\u00e3o completa (duas doses) temos a prote\u00e7\u00e3o individual e contribu\u00edmos para a prote\u00e7\u00e3o coletiva\u201d, refor\u00e7a Marcela Ferraz.<\/p>\n<p dir=\"ltr\">Os cuidados preventivos, como uso de m\u00e1scaras, distanciamento social e higiene das m\u00e3os, devem continuar, mesmo para as pessoas que j\u00e1 tomaram a segunda dose, at\u00e9 que se atinja alta cobertura vacinal de toda a popula\u00e7\u00e3o.<\/p>\n<p dir=\"ltr\">Acompanhe a vacina\u00e7\u00e3o em Minas Gerais:\u00a0<a href=\"https:\/\/www.coronavirus.saude.mg.gov.br\/vacinometro\">https:\/\/www.coronavirus.saude.mg.gov.br\/vacinometro<\/a><\/p>\n<p dir=\"ltr\"><strong>Melhorias no Vacin\u00f4metro<\/strong><\/p>\n<p dir=\"ltr\">Nessa ter\u00e7a-feira (3\/8), o\u00a0<a href=\"https:\/\/www.coronavirus.saude.mg.gov.br\/vacinometro\">Painel Vacin\u00f4metro MG<\/a>\u00a0mudou a base de dados utilizada na visualiza\u00e7\u00e3o da cobertura vacinal e na aplica\u00e7\u00e3o de doses por grupos priorit\u00e1rios. A SES-MG passou a usar o Sistema de Informa\u00e7\u00f5es do Programa Nacional de Imuniza\u00e7\u00f5es (SI-PNI), do Minist\u00e9rio da Sa\u00fade.<\/p>\n<p dir=\"ltr\">Os dados agregados do n\u00famero de doses aplicadas continuam sendo informados pelos munic\u00edpios ao governo estadual, para uma an\u00e1lise mais c\u00e9lere do andamento da campanha de vacina\u00e7\u00e3o no estado. J\u00e1 o perfil epidemiol\u00f3gico das doses aplicadas e dos grupos priorit\u00e1rios passa a ser consolidado a partir dos dados do sistema oficial do Minist\u00e9rio da Sa\u00fade.<\/p>\n<p dir=\"ltr\">O objetivo dessas altera\u00e7\u00f5es \u00e9 valorizar o sistema oficial do PNI e aumentar a efici\u00eancia no registro de informa\u00e7\u00f5es, como explica a coordenadora da Sala de Situa\u00e7\u00e3o da SES-MG, Maria Laura Starling. \u201cA secretaria tem monitorado o preenchimento do sistema nacional, que j\u00e1 atingiu cerca de 90% de completude, quando comparado com as doses informadas no Painel de Vacina\u00e7\u00e3o. Ent\u00e3o, reduzimos o escopo do sistema interno da SES-MG. At\u00e9 ent\u00e3o, eram mais de 70 quest\u00f5es respondidas diariamente pelos munic\u00edpios, agora s\u00e3o apenas quatro\u201d.<\/p>\n<p dir=\"ltr\">A altera\u00e7\u00e3o completa pode ser verificada na nota informativa publicada\u00a0<a href=\"https:\/\/coronavirus.saude.mg.gov.br\/notas-tecnicas\">neste link<\/a>.<\/p>\n<p dir=\"ltr\">O Painel Vacin\u00f4metro MG foi criado em janeiro de 2021 para complementar o sistema nacional. Nele, os munic\u00edpios preenchiam diariamente o quantitativo de doses aplicadas por grupo priorit\u00e1rio e pelo esquema vacinal, que permitiam o acompanhamento da Campanha de Vacina\u00e7\u00e3o.<\/p>\n<p><span style=\"font-weight: 400;\">Fonte: Ag\u00eancia Minas <\/span><\/p>\n","protected":false},"excerpt":{"rendered":"<p>Com uma m\u00e9dia m\u00f3vel de 224 mil doses aplicadas diariamente, Minas Gerais inicia o m\u00eas de agosto com 10.199.777 pessoas imunizadas com a primeira dose da vacina contra a covid-19, o que representa 62,23% de pessoas acima de 18 anos vacinadas. Referente \u00e0s doses \u00fanicas ou segunda dose, foram 4.196.551 pessoas imunizadas, cobertura vacinal de [&hellip;]<\/p>\n","protected":false},"author":246,"featured_media":186365,"comment_status":"closed","ping_status":"closed","sticky":false,"template":"","format":"standard","meta":{"footnotes":""},"categories":[436,254,439],"tags":[],"class_list":["post-186364","post","type-post","status-publish","format-standard","has-post-thumbnail","hentry","category-destaque-da-semana","category-politica","category-ultima-hora"],"_links":{"self":[{"href":"https:\/\/diarioregionaldigital.com.br\/index.php?rest_route=\/wp\/v2\/posts\/186364","targetHints":{"allow":["GET"]}}],"collection":[{"href":"https:\/\/diarioregionaldigital.com.br\/index.php?rest_route=\/wp\/v2\/posts"}],"about":[{"href":"https:\/\/diarioregionaldigital.com.br\/index.php?rest_route=\/wp\/v2\/types\/post"}],"author":[{"embeddable":true,"href":"https:\/\/diarioregionaldigital.com.br\/index.php?rest_route=\/wp\/v2\/users\/246"}],"replies":[{"embeddable":true,"href":"https:\/\/diarioregionaldigital.com.br\/index.php?rest_route=%2Fwp%2Fv2%2Fcomments&post=186364"}],"version-history":[{"count":2,"href":"https:\/\/diarioregionaldigital.com.br\/index.php?rest_route=\/wp\/v2\/posts\/186364\/revisions"}],"predecessor-version":[{"id":186368,"href":"https:\/\/diarioregionaldigital.com.br\/index.php?rest_route=\/wp\/v2\/posts\/186364\/revisions\/186368"}],"wp:featuredmedia":[{"embeddable":true,"href":"https:\/\/diarioregionaldigital.com.br\/index.php?rest_route=\/wp\/v2\/media\/186365"}],"wp:attachment":[{"href":"https:\/\/diarioregionaldigital.com.br\/index.php?rest_route=%2Fwp%2Fv2%2Fmedia&parent=186364"}],"wp:term":[{"taxonomy":"category","embeddable":true,"href":"https:\/\/diarioregionaldigital.com.br\/index.php?rest_route=%2Fwp%2Fv2%2Fcategories&post=186364"},{"taxonomy":"post_tag","embeddable":true,"href":"https:\/\/diarioregionaldigital.com.br\/index.php?rest_route=%2Fwp%2Fv2%2Ftags&post=186364"}],"curies":[{"name":"wp","href":"https:\/\/api.w.org\/{rel}","templated":true}]}}