{"id":186358,"date":"2021-08-04T15:54:49","date_gmt":"2021-08-04T18:54:49","guid":{"rendered":"https:\/\/diarioregionaldigital.com.br\/?p=186358"},"modified":"2021-08-04T15:54:49","modified_gmt":"2021-08-04T18:54:49","slug":"copom-inicia-quinta-reuniao-do-ano-para-definir-juros-basicos","status":"publish","type":"post","link":"https:\/\/diarioregionaldigital.com.br\/?p=186358","title":{"rendered":"Copom inicia quinta reuni\u00e3o do ano para definir juros b\u00e1sicos"},"content":{"rendered":"<p>O Comit\u00ea de Pol\u00edtica Monet\u00e1ria (Copom) do Banco Central (BC) come\u00e7a hoje (3), em Bras\u00edlia, a quinta reuni\u00e3o do ano para definir a taxa b\u00e1sica de juros, a Selic, e deve repetir os aumentos promovidos nos \u00faltimos tr\u00eas encontros. Amanh\u00e3 (4), ao fim do dia, o Copom anunciar\u00e1 a decis\u00e3o.<img decoding=\"async\" src=\"https:\/\/agenciabrasil.ebc.com.br\/ebc.png?id=1417144&amp;o=node\" \/><img decoding=\"async\" src=\"https:\/\/agenciabrasil.ebc.com.br\/ebc.gif?id=1417144&amp;o=node\" \/><\/p>\n<p>Com a alta da<a href=\"http:\/\/agenciabrasil.ebc.com.br\/economia\/noticia\/2021-08\/mercado-financeiro-eleva-projecao-da-inflacao-para-679\" target=\"_blank\" rel=\"noopener\">\u00a0infla\u00e7\u00e3o<\/a>\u00a0nos \u00faltimos meses, a previs\u00e3o das institui\u00e7\u00f5es financeiras \u00e9 de que a Selic deve subir de 4,25% ao ano para 5,25% ao ano. A expectativa de alta est\u00e1 no boletim Focus, pesquisa divulgada toda semana pelo BC. Para o final de 2021, o mercado prev\u00ea que a taxa fique em 7% ao ano.<\/p>\n<p>Os membros do Copom, por sua vez, sinalizaram na ata da<a href=\"http:\/\/agenciabrasil.ebc.com.br\/economia\/noticia\/2021-06\/copom-inflacao-persiste-mas-economia-evolui-mais-que-o-esperado\" target=\"_blank\" rel=\"noopener\">\u00a0\u00faltima reuni\u00e3o<\/a>\u00a0que devem manter a eleva\u00e7\u00e3o da Selic no mesmo patamar de 0,75 ponto percentual.<\/p>\n<p>Dessa forma, a Selic continua em um ciclo de alta, depois de passar seis anos sem ser elevada. De julho de 2015 a outubro de 2016, a taxa permaneceu em 14,25% ao ano. Depois disso, o Copom voltou a reduzir os juros b\u00e1sicos da economia at\u00e9 que a taxa chegou a 6,5% ao ano, em mar\u00e7o de 2018.<\/p>\n<p>Em julho de 2019, a\u00a0<a href=\"http:\/\/agenciabrasil.ebc.com.br\/economia\/noticia\/2021-06\/copom-eleva-taxa-basica-de-juros-para-425-ao-ano\" target=\"_blank\" rel=\"noopener\">Selic<\/a>\u00a0voltou a ser reduzida at\u00e9 chegar ao menor n\u00edvel da hist\u00f3ria em agosto de 2020, em 2% ao ano. Come\u00e7ou a subir novamente em mar\u00e7o deste ano, quando avan\u00e7ou para 2,75% ao ano e, no in\u00edcio de maio, foi elevada para 3,5% ao ano. Em junho, subiu para 4,25% ao ano.<\/p>\n<p><strong>Taxa Selic<\/strong><\/p>\n<p><a href=\"http:\/\/agenciabrasil.ebc.com.br\/economia\/noticia\/2021-07\/agencia-brasil-explica-alta-da-taxa-selic\" target=\"_blank\" rel=\"noopener\">A taxa b\u00e1sica de juros<\/a>\u00a0\u00e9 usada nas negocia\u00e7\u00f5es de t\u00edtulos p\u00fablicos emitidos pelo Tesouro Nacional no Sistema Especial de Liquida\u00e7\u00e3o e Cust\u00f3dia (Selic) e serve de refer\u00eancia para as demais taxas da economia. Ela tamb\u00e9m \u00e9 o principal instrumento do Banco Central para manter a infla\u00e7\u00e3o sob controle. O BC atua diariamente por meio de opera\u00e7\u00f5es de mercado aberto \u2013 comprando e vendendo t\u00edtulos p\u00fablicos federais \u2013 para manter a taxa de juros pr\u00f3xima ao valor definido na reuni\u00e3o.<\/p>\n<p>Quando o Copom aumenta a taxa b\u00e1sica de juros, a finalidade \u00e9 conter a demanda aquecida, e isso causa reflexos nos pre\u00e7os porque os juros mais altos encarecem o cr\u00e9dito e estimulam a poupan\u00e7a. Desse modo, taxas mais altas podem conter a atividade econ\u00f4mica. Ao reduzir a Selic, a tend\u00eancia \u00e9 de que o cr\u00e9dito fique mais barato, com incentivo \u00e0 produ\u00e7\u00e3o e ao consumo, reduzindo o controle da infla\u00e7\u00e3o e estimulando a atividade econ\u00f4mica.<\/p>\n<p>Entretanto, as<a href=\"http:\/\/agenciabrasil.ebc.com.br\/economia\/noticia\/2021-07\/taxa-media-de-juros-permanece-estavel-em-junho-diz-bc\" target=\"_blank\" rel=\"noopener\">\u00a0taxas de juros do cr\u00e9dito<\/a>\u00a0n\u00e3o variam na mesma propor\u00e7\u00e3o da Selic, pois a Selic \u00e9 apenas uma parte do custo do cr\u00e9dito. Os bancos tamb\u00e9m consideram outros fatores na hora de definir os juros cobrados dos consumidores, como risco de inadimpl\u00eancia, lucro e despesas administrativas.<\/p>\n<p>O Copom re\u00fane-se a cada 45 dias. No primeiro dia do encontro, s\u00e3o feitas apresenta\u00e7\u00f5es t\u00e9cnicas sobre a evolu\u00e7\u00e3o e as perspectivas das economias brasileira e mundial e o comportamento do mercado financeiro. No segundo dia, os membros do Copom, formado pela diretoria do BC, analisam as possibilidades e definem a Selic.<\/p>\n<p>Seguindo orienta\u00e7\u00e3o da \u00e1rea de gest\u00e3o de pessoas do BC, na semana passada, todos os membros do Copom foram testados para covid-19. O diretor Bruno Serra testou positivo e, portanto, n\u00e3o participar\u00e1 das sess\u00f5es presenciais nesta ter\u00e7a e quarta-feira. \u201cO diretor segue assintom\u00e1tico e desempenhando normalmente suas fun\u00e7\u00f5es de maneira remota\u201d, informou o BC.<\/p>\n<p><strong>Infla\u00e7\u00e3o em alta<\/strong><\/p>\n<p>Para 2021, a meta de infla\u00e7\u00e3o que deve ser perseguida pelo BC, definida pelo Conselho Monet\u00e1rio Nacional, \u00e9 de 3,75% para este ano, com intervalo de toler\u00e2ncia de 1,5 ponto percentual para cima ou para baixo. Ou seja, o limite inferior \u00e9 2,25% e o superior \u00e9 5,25%.<\/p>\n<p>No \u00faltimo\u00a0<a href=\"http:\/\/agenciabrasil.ebc.com.br\/economia\/noticia\/2021-06\/bc-aumenta-projecao-de-crescimento-da-economia-de-36-para-46\" target=\"_blank\" rel=\"noopener\">Relat\u00f3rio de Infla\u00e7\u00e3o<\/a>, divulgado no fim de junho pelo Banco Central, a autoridade monet\u00e1ria estimava que, em 2021, o \u00cdndice Nacional de Pre\u00e7os ao Consumidor Amplo (IPCA), que \u00e9 a infla\u00e7\u00e3o oficial do pa\u00eds, fecharia o ano em 5,82% no cen\u00e1rio base, com Selic em 6,25% ao ano e c\u00e2mbio partindo de R$ 5,05.<\/p>\n<p>J\u00e1 a proje\u00e7\u00e3o do mercado \u00e9 de uma infla\u00e7\u00e3o ainda maior, fechando o ano em 6,79%, de acordo com o \u00faltimo boletim Focus. \u00c9 a 17\u00aa alta consecutiva da previs\u00e3o das institui\u00e7\u00f5es financeiras.<\/p>\n<p>Em junho,<a href=\"http:\/\/agenciabrasil.ebc.com.br\/economia\/noticia\/2021-07\/inflacao-fica-em-053-em-junho-puxada-pela-alta-da-energia-eletrica\" target=\"_blank\" rel=\"noopener\">\u00a0a infla\u00e7\u00e3o<\/a>\u00a0desacelerou para 0,53%, depois de chegar a 0,83% em maio. Ainda assim, com o resultado, o IPCA acumula alta de 3,77% no ano, e 8,35% nos \u00faltimos 12 meses.<\/p>\n<p>Os dados de julho devem ser\u00a0<a href=\"http:\/\/agenciabrasil.ebc.com.br\/economia\/noticia\/2021-07\/previa-da-inflacao-oficial-fica-em-072-em-julho-diz-ibge#:~:text=Publicado%20em%2023%2F07%2F2021,72%25%20em%20julho%20deste%20ano\" target=\"_blank\" rel=\"noopener\">divulgados\u00a0<\/a>pelo Instituto Brasileiro de Geografia e Estat\u00edstica (IBGE) na pr\u00f3xima semana, mas o \u00cdndice Nacional de Pre\u00e7os ao Consumidor Amplo &#8211; 15 (IPCA-15), que mede a pr\u00e9via da infla\u00e7\u00e3o oficial, registrou infla\u00e7\u00e3o de 0,72% no m\u00eas passado, a maior varia\u00e7\u00e3o do IPCA-15 para um m\u00eas de julho desde 2004 (0,93%).<\/p>\n<p><span style=\"font-weight: 400;\">Fonte: Ag\u00eancia Brasil <\/span><\/p>\n","protected":false},"excerpt":{"rendered":"<p>O Comit\u00ea de Pol\u00edtica Monet\u00e1ria (Copom) do Banco Central (BC) come\u00e7a hoje (3), em Bras\u00edlia, a quinta reuni\u00e3o do ano para definir a taxa b\u00e1sica de juros, a Selic, e deve repetir os aumentos promovidos nos \u00faltimos tr\u00eas encontros. Amanh\u00e3 (4), ao fim do dia, o Copom anunciar\u00e1 a decis\u00e3o. Com a alta da\u00a0infla\u00e7\u00e3o\u00a0nos \u00faltimos [&hellip;]<\/p>\n","protected":false},"author":246,"featured_media":186359,"comment_status":"closed","ping_status":"closed","sticky":false,"template":"","format":"standard","meta":{"footnotes":""},"categories":[436,261,439],"tags":[],"class_list":["post-186358","post","type-post","status-publish","format-standard","has-post-thumbnail","hentry","category-destaque-da-semana","category-economia","category-ultima-hora"],"_links":{"self":[{"href":"https:\/\/diarioregionaldigital.com.br\/index.php?rest_route=\/wp\/v2\/posts\/186358","targetHints":{"allow":["GET"]}}],"collection":[{"href":"https:\/\/diarioregionaldigital.com.br\/index.php?rest_route=\/wp\/v2\/posts"}],"about":[{"href":"https:\/\/diarioregionaldigital.com.br\/index.php?rest_route=\/wp\/v2\/types\/post"}],"author":[{"embeddable":true,"href":"https:\/\/diarioregionaldigital.com.br\/index.php?rest_route=\/wp\/v2\/users\/246"}],"replies":[{"embeddable":true,"href":"https:\/\/diarioregionaldigital.com.br\/index.php?rest_route=%2Fwp%2Fv2%2Fcomments&post=186358"}],"version-history":[{"count":1,"href":"https:\/\/diarioregionaldigital.com.br\/index.php?rest_route=\/wp\/v2\/posts\/186358\/revisions"}],"predecessor-version":[{"id":186360,"href":"https:\/\/diarioregionaldigital.com.br\/index.php?rest_route=\/wp\/v2\/posts\/186358\/revisions\/186360"}],"wp:featuredmedia":[{"embeddable":true,"href":"https:\/\/diarioregionaldigital.com.br\/index.php?rest_route=\/wp\/v2\/media\/186359"}],"wp:attachment":[{"href":"https:\/\/diarioregionaldigital.com.br\/index.php?rest_route=%2Fwp%2Fv2%2Fmedia&parent=186358"}],"wp:term":[{"taxonomy":"category","embeddable":true,"href":"https:\/\/diarioregionaldigital.com.br\/index.php?rest_route=%2Fwp%2Fv2%2Fcategories&post=186358"},{"taxonomy":"post_tag","embeddable":true,"href":"https:\/\/diarioregionaldigital.com.br\/index.php?rest_route=%2Fwp%2Fv2%2Ftags&post=186358"}],"curies":[{"name":"wp","href":"https:\/\/api.w.org\/{rel}","templated":true}]}}