{"id":186349,"date":"2021-08-04T15:43:16","date_gmt":"2021-08-04T18:43:16","guid":{"rendered":"https:\/\/diarioregionaldigital.com.br\/?p=186349"},"modified":"2021-08-04T15:43:16","modified_gmt":"2021-08-04T18:43:16","slug":"dolar-bate-em-r-527-mas-termina-dia-vendido-a-r-519","status":"publish","type":"post","link":"https:\/\/diarioregionaldigital.com.br\/?p=186349","title":{"rendered":"D\u00f3lar bate em R$ 5,27, mas termina dia vendido a R$ 5,19"},"content":{"rendered":"<p>Num dia de tens\u00e3o e de volatilidade no mercado financeiro, o d\u00f3lar desacelerou ao longo da tarde e fechou pr\u00f3ximo de R$ 5,20, ap\u00f3s rondar os R$ 5,30 durante a sess\u00e3o. A bolsa de valores iniciou o dia em forte queda e recuperou-se durante o dia, influenciada pela valoriza\u00e7\u00e3o das commodities (bens prim\u00e1rios com cota\u00e7\u00e3o internacional) e pelo al\u00edvio no mercado externo.<img decoding=\"async\" src=\"https:\/\/agenciabrasil.ebc.com.br\/ebc.png?id=1417257&amp;o=node\" \/><img decoding=\"async\" src=\"https:\/\/agenciabrasil.ebc.com.br\/ebc.gif?id=1417257&amp;o=node\" \/><\/p>\n<p>O d\u00f3lar comercial encerrou esta ter\u00e7a-feira (3) vendido a R$ 5,193, com alta de R$ 0,027 (+0,53%). A divisa iniciou o dia em forte alta. Na m\u00e1xima do dia, por volta das 11h10, chegou a R$ 5,27. Nas horas seguintes, a cota\u00e7\u00e3o voltou a oscilar em torno de R$ 5,20, at\u00e9 fechar um pouco abaixo desse valor.<\/p>\n<p>O mercado de a\u00e7\u00f5es teve um dia igualmente vol\u00e1til. O \u00edndice Ibovespa fechou aos 123.577 pontos, com valoriza\u00e7\u00e3o de 0,87%. O indicador chegou a cair 1,31% no fim da manh\u00e3, mas reverteu o movimento ao longo da tarde, at\u00e9 encerrar em alta.<\/p>\n<p>As d\u00favidas em torno de proposta de emenda \u00e0 Constitui\u00e7\u00e3o (PEC) que prev\u00ea o parcelamento dos precat\u00f3rios (d\u00edvidas pagas pelo governo por decis\u00e3o definitiva da Justi\u00e7a) abalaram o mercado financeiro. Hoje pela manh\u00e3, o ministro Paulo Guedes explicou que a proposta prev\u00ea o\u00a0<a href=\"https:\/\/agenciabrasil.ebc.com.br\/economia\/noticia\/2021-08\/pec-dos-precatorios-preve-parcelamento-de-dividas-acima-de-r-66-mi\" target=\"_blank\" rel=\"noopener\">parcelamento de d\u00edvidas acima de R$ 66 milh\u00f5es<\/a>. O mercado s\u00f3 se tranquilizou \u00e0 tarde, quando o presidente da C\u00e2mara dos Deputados, Arthur Lira, negou que o fundo que financiar\u00e1 o parcelamento esteja fora do teto de gastos.<\/p>\n<p>No caso da bolsa, a divulga\u00e7\u00e3o dos lucros dos bancos no segundo trimestre ajudou a consolidar os ganhos no Ibovespa. A valoriza\u00e7\u00e3o do pre\u00e7o internacional do min\u00e9rio de ferro ajudou a\u00e7\u00f5es de empresas mineradoras. Os ganhos das bolsas norte-americanas tamb\u00e9m ajudaram a reverter as perdas da manh\u00e3.<\/p>\n<p><span style=\"font-weight: 400;\">Fonte: Ag\u00eancia Brasil <\/span><\/p>\n","protected":false},"excerpt":{"rendered":"<p>Num dia de tens\u00e3o e de volatilidade no mercado financeiro, o d\u00f3lar desacelerou ao longo da tarde e fechou pr\u00f3ximo de R$ 5,20, ap\u00f3s rondar os R$ 5,30 durante a sess\u00e3o. A bolsa de valores iniciou o dia em forte queda e recuperou-se durante o dia, influenciada pela valoriza\u00e7\u00e3o das commodities (bens prim\u00e1rios com cota\u00e7\u00e3o [&hellip;]<\/p>\n","protected":false},"author":246,"featured_media":186350,"comment_status":"closed","ping_status":"closed","sticky":false,"template":"","format":"standard","meta":{"footnotes":""},"categories":[440,257,439],"tags":[],"class_list":["post-186349","post","type-post","status-publish","format-standard","has-post-thumbnail","hentry","category-destaques-do-dia","category-esporte","category-ultima-hora"],"_links":{"self":[{"href":"https:\/\/diarioregionaldigital.com.br\/index.php?rest_route=\/wp\/v2\/posts\/186349","targetHints":{"allow":["GET"]}}],"collection":[{"href":"https:\/\/diarioregionaldigital.com.br\/index.php?rest_route=\/wp\/v2\/posts"}],"about":[{"href":"https:\/\/diarioregionaldigital.com.br\/index.php?rest_route=\/wp\/v2\/types\/post"}],"author":[{"embeddable":true,"href":"https:\/\/diarioregionaldigital.com.br\/index.php?rest_route=\/wp\/v2\/users\/246"}],"replies":[{"embeddable":true,"href":"https:\/\/diarioregionaldigital.com.br\/index.php?rest_route=%2Fwp%2Fv2%2Fcomments&post=186349"}],"version-history":[{"count":1,"href":"https:\/\/diarioregionaldigital.com.br\/index.php?rest_route=\/wp\/v2\/posts\/186349\/revisions"}],"predecessor-version":[{"id":186351,"href":"https:\/\/diarioregionaldigital.com.br\/index.php?rest_route=\/wp\/v2\/posts\/186349\/revisions\/186351"}],"wp:featuredmedia":[{"embeddable":true,"href":"https:\/\/diarioregionaldigital.com.br\/index.php?rest_route=\/wp\/v2\/media\/186350"}],"wp:attachment":[{"href":"https:\/\/diarioregionaldigital.com.br\/index.php?rest_route=%2Fwp%2Fv2%2Fmedia&parent=186349"}],"wp:term":[{"taxonomy":"category","embeddable":true,"href":"https:\/\/diarioregionaldigital.com.br\/index.php?rest_route=%2Fwp%2Fv2%2Fcategories&post=186349"},{"taxonomy":"post_tag","embeddable":true,"href":"https:\/\/diarioregionaldigital.com.br\/index.php?rest_route=%2Fwp%2Fv2%2Ftags&post=186349"}],"curies":[{"name":"wp","href":"https:\/\/api.w.org\/{rel}","templated":true}]}}