{"id":186336,"date":"2021-08-04T10:47:12","date_gmt":"2021-08-04T13:47:12","guid":{"rendered":"https:\/\/diarioregionaldigital.com.br\/?p=186336"},"modified":"2021-08-04T10:47:12","modified_gmt":"2021-08-04T13:47:12","slug":"minas-gerais-ultrapassa-a-marca-de-1-milhao-e-980-mil-notificacoes-por-covid-19","status":"publish","type":"post","link":"https:\/\/diarioregionaldigital.com.br\/?p=186336","title":{"rendered":"Minas Gerais ultrapassa a marca de 1 milh\u00e3o e 980 mil notifica\u00e7\u00f5es por Covid-19"},"content":{"rendered":"<p>A Secretaria de Estado da Sa\u00fade de Minas Gerais (SES-MG), publicou nesta quarta-feira (04), o novo boletim referente ao Coronav\u00edrus. O levantamento aponta que o estado notificou mais 5.292 novos casos da doen\u00e7a, totalizando 1.981.007 pessoas infectadas. Os dados indicam que foram registradas mais 162 mortes, contabilizando 50.801 \u00f3bitos.<\/p>\n<p>Al\u00e9m disso, 1.878.864 pacientes est\u00e3o recuperados da doen\u00e7a, representando 91,9 % dos casos. Quanto aos dados de hospitaliza\u00e7\u00e3o, 175.398 estiveram internados e 1.805.609 estiveram em isolamento domiciliar. At\u00e9 o momento, 10.351.097 pessoas receberam a primeira dose da vacina, 3.839.094 pessoas a segunda e 449.268 tomaram a dose \u00fanica.<\/p>\n","protected":false},"excerpt":{"rendered":"<p>A Secretaria de Estado da Sa\u00fade de Minas Gerais (SES-MG), publicou nesta quarta-feira (04), o novo boletim referente ao Coronav\u00edrus. O levantamento aponta que o estado notificou mais 5.292 novos casos da doen\u00e7a, totalizando 1.981.007 pessoas infectadas. Os dados indicam que foram registradas mais 162 mortes, contabilizando 50.801 \u00f3bitos. Al\u00e9m disso, 1.878.864 pacientes est\u00e3o recuperados [&hellip;]<\/p>\n","protected":false},"author":246,"featured_media":186337,"comment_status":"closed","ping_status":"closed","sticky":false,"template":"","format":"standard","meta":{"footnotes":""},"categories":[436,252,439],"tags":[],"class_list":["post-186336","post","type-post","status-publish","format-standard","has-post-thumbnail","hentry","category-destaque-da-semana","category-regiao","category-ultima-hora"],"_links":{"self":[{"href":"https:\/\/diarioregionaldigital.com.br\/index.php?rest_route=\/wp\/v2\/posts\/186336","targetHints":{"allow":["GET"]}}],"collection":[{"href":"https:\/\/diarioregionaldigital.com.br\/index.php?rest_route=\/wp\/v2\/posts"}],"about":[{"href":"https:\/\/diarioregionaldigital.com.br\/index.php?rest_route=\/wp\/v2\/types\/post"}],"author":[{"embeddable":true,"href":"https:\/\/diarioregionaldigital.com.br\/index.php?rest_route=\/wp\/v2\/users\/246"}],"replies":[{"embeddable":true,"href":"https:\/\/diarioregionaldigital.com.br\/index.php?rest_route=%2Fwp%2Fv2%2Fcomments&post=186336"}],"version-history":[{"count":1,"href":"https:\/\/diarioregionaldigital.com.br\/index.php?rest_route=\/wp\/v2\/posts\/186336\/revisions"}],"predecessor-version":[{"id":186338,"href":"https:\/\/diarioregionaldigital.com.br\/index.php?rest_route=\/wp\/v2\/posts\/186336\/revisions\/186338"}],"wp:featuredmedia":[{"embeddable":true,"href":"https:\/\/diarioregionaldigital.com.br\/index.php?rest_route=\/wp\/v2\/media\/186337"}],"wp:attachment":[{"href":"https:\/\/diarioregionaldigital.com.br\/index.php?rest_route=%2Fwp%2Fv2%2Fmedia&parent=186336"}],"wp:term":[{"taxonomy":"category","embeddable":true,"href":"https:\/\/diarioregionaldigital.com.br\/index.php?rest_route=%2Fwp%2Fv2%2Fcategories&post=186336"},{"taxonomy":"post_tag","embeddable":true,"href":"https:\/\/diarioregionaldigital.com.br\/index.php?rest_route=%2Fwp%2Fv2%2Ftags&post=186336"}],"curies":[{"name":"wp","href":"https:\/\/api.w.org\/{rel}","templated":true}]}}