{"id":186327,"date":"2021-08-03T18:19:32","date_gmt":"2021-08-03T21:19:32","guid":{"rendered":"https:\/\/diarioregionaldigital.com.br\/?p=186327"},"modified":"2021-08-04T11:06:13","modified_gmt":"2021-08-04T14:06:13","slug":"empav-realiza-servicos-de-zeladoria-em-escolas-municipais-da-cidade","status":"publish","type":"post","link":"https:\/\/diarioregionaldigital.com.br\/?p=186327","title":{"rendered":"Empav realiza servi\u00e7os de zeladoria em escolas municipais da cidade"},"content":{"rendered":"<div id=\"box_texto_noticia\">Nesta ter\u00e7a-feira, 3, servidores do Departamento de Parques e Jardins da Empresa Municipal de Pavimenta\u00e7\u00e3o e Urbaniza\u00e7\u00e3o (Empav), realizaram servi\u00e7os de zeladoria como poda de grama e limpeza geral nas escolas municipais da cidade. Segundo informa\u00e7\u00f5es do site da Prefeitura de Juiz de Fora, foram atendidas as seguintes escolas: Escola Municipal Tancredo Neves, no bairro S\u00e3o Pedro; Escola Municipal Professora \u00c1urea Nardelli, no bairro Vila Esperan\u00e7a II; e Escola Municipal Cosette de Alencar, no bairro Santa Catarina. Al\u00e9m das escolas, trabalhadores tamb\u00e9m realizaram a poda de grama em canteiros na Rua Doutor Ferdinando Cyrne, no bairro Aeroporto; e no canteiro central pr\u00f3ximo do clube Cascatinha.<\/p>\n<p>Al\u00e9m dessas a\u00e7\u00f5es, servi\u00e7os de poda e levantamento de copa de \u00e1rvores foram realizados na Avenida Brasil, no bairro Po\u00e7o Rico; e na Rua Jos\u00e9 Louren\u00e7o Kelmer, no S\u00e3o Pedro.<\/p>\n<p>Para solicitar estes e outros servi\u00e7os, entre em contato com o Gabinete de A\u00e7\u00e3o e Di\u00e1logo Comunit\u00e1rio, que recebe e organiza pedidos relativos a interven\u00e7\u00f5es e melhorias urbanas. O contato pode ser feito atrav\u00e9s de liga\u00e7\u00e3o telef\u00f4nica pelo n\u00famero (32) 3690-7241 ou via WhatsApp, utilizando o mesmo n\u00famero.<\/p><\/div>\n<p>&nbsp;<\/p>\n<div id=\"box_compartilhar\" align=\"right\"><\/div>\n","protected":false},"excerpt":{"rendered":"<p>Nesta ter\u00e7a-feira, 3, servidores do Departamento de Parques e Jardins da Empresa Municipal de Pavimenta\u00e7\u00e3o e Urbaniza\u00e7\u00e3o (Empav), realizaram servi\u00e7os de zeladoria como poda de grama e limpeza geral nas escolas municipais da cidade. Segundo informa\u00e7\u00f5es do site da Prefeitura de Juiz de Fora, foram atendidas as seguintes escolas: Escola Municipal Tancredo Neves, no bairro [&hellip;]<\/p>\n","protected":false},"author":246,"featured_media":186328,"comment_status":"closed","ping_status":"closed","sticky":false,"template":"","format":"standard","meta":{"footnotes":""},"categories":[253,436,439],"tags":[],"class_list":["post-186327","post","type-post","status-publish","format-standard","has-post-thumbnail","hentry","category-cidade","category-destaque-da-semana","category-ultima-hora"],"_links":{"self":[{"href":"https:\/\/diarioregionaldigital.com.br\/index.php?rest_route=\/wp\/v2\/posts\/186327","targetHints":{"allow":["GET"]}}],"collection":[{"href":"https:\/\/diarioregionaldigital.com.br\/index.php?rest_route=\/wp\/v2\/posts"}],"about":[{"href":"https:\/\/diarioregionaldigital.com.br\/index.php?rest_route=\/wp\/v2\/types\/post"}],"author":[{"embeddable":true,"href":"https:\/\/diarioregionaldigital.com.br\/index.php?rest_route=\/wp\/v2\/users\/246"}],"replies":[{"embeddable":true,"href":"https:\/\/diarioregionaldigital.com.br\/index.php?rest_route=%2Fwp%2Fv2%2Fcomments&post=186327"}],"version-history":[{"count":1,"href":"https:\/\/diarioregionaldigital.com.br\/index.php?rest_route=\/wp\/v2\/posts\/186327\/revisions"}],"predecessor-version":[{"id":186329,"href":"https:\/\/diarioregionaldigital.com.br\/index.php?rest_route=\/wp\/v2\/posts\/186327\/revisions\/186329"}],"wp:featuredmedia":[{"embeddable":true,"href":"https:\/\/diarioregionaldigital.com.br\/index.php?rest_route=\/wp\/v2\/media\/186328"}],"wp:attachment":[{"href":"https:\/\/diarioregionaldigital.com.br\/index.php?rest_route=%2Fwp%2Fv2%2Fmedia&parent=186327"}],"wp:term":[{"taxonomy":"category","embeddable":true,"href":"https:\/\/diarioregionaldigital.com.br\/index.php?rest_route=%2Fwp%2Fv2%2Fcategories&post=186327"},{"taxonomy":"post_tag","embeddable":true,"href":"https:\/\/diarioregionaldigital.com.br\/index.php?rest_route=%2Fwp%2Fv2%2Ftags&post=186327"}],"curies":[{"name":"wp","href":"https:\/\/api.w.org\/{rel}","templated":true}]}}