{"id":186324,"date":"2021-08-03T18:15:52","date_gmt":"2021-08-03T21:15:52","guid":{"rendered":"https:\/\/diarioregionaldigital.com.br\/?p=186324"},"modified":"2021-08-03T18:15:52","modified_gmt":"2021-08-03T21:15:52","slug":"zoonoses-inicia-campanha-de-vacinacao-antirrabica-animal-na-zona-rural-no-dia-16","status":"publish","type":"post","link":"https:\/\/diarioregionaldigital.com.br\/?p=186324","title":{"rendered":"Zoonoses inicia campanha de vacina\u00e7\u00e3o antirr\u00e1bica animal na Zona Rural no dia 16"},"content":{"rendered":"<p>O setor de zoonose da Secretaria de Sa\u00fade (SS) da Prefeitura de Juiz de Fora (PJF) d\u00e1 in\u00edcio, na segunda-feira, dia 16, \u00e0 campanha de Vacina\u00e7\u00e3o Antirr\u00e1bica Animal na Zona Rural de Juiz de Fora. A imuniza\u00e7\u00e3o se estender\u00e1 at\u00e9 sexta-feira, 3 de setembro.<\/p>\n<p>Para o processo de imuniza\u00e7\u00e3o animal, ser\u00e3o organizadas duas equipes compostas por seis agentes de combate \u00e0s endemias cada uma, que percorrer\u00e1 rotas estrategicamente programadas, contemplando toda a extensa zona rural do munic\u00edpio. Para tal, est\u00e3o programados postos fixos e m\u00f3veis de vacina\u00e7\u00e3o; os fixos, correspondem \u00e0s \u00e1reas externas das Unidades B\u00e1sicas de Sa\u00fade (UBSs), igrejas, campos de futebol, entroncamentos, escolas, trevos, dentre outros locais bem conhecidos pela popula\u00e7\u00e3o e de f\u00e1cil acesso; e os pontos m\u00f3veis, que s\u00e3o conhecidos como &#8220;busca ativa&#8221;, correspondentes \u00e0s visitas a s\u00edtios, fazendas, propriedades rurais e locais de dif\u00edcil acesso.<\/p>\n<p>Segundo informa\u00e7\u00f5es do site da Prefeitura de Juiz de Fora, a vacina antirr\u00e1bica \u00e9 indicada para c\u00e3es e gatos, a partir de 3 meses de idade, sendo recomendada uma dose ao ano. A vacina\u00e7\u00e3o antirr\u00e1bica animal representa a a\u00e7\u00e3o mais importante na preven\u00e7\u00e3o do aparecimento da doen\u00e7a. De acordo com as orienta\u00e7\u00f5es do Minist\u00e9rio da Sa\u00fade (MS), a Secretaria Municipal de Sa\u00fade realiza a vacina\u00e7\u00e3o de c\u00e3es e gatos, em fun\u00e7\u00e3o destes animais serem principais transmissores da raiva para o ser humano, sendo recomendado aos propriet\u00e1rios de bovinos, equinos, caprinos, ovinos e su\u00ednos, que adquiram a vacina e realizem a vacina\u00e7\u00e3o de todos os seus animais, uma vez que a doen\u00e7a corresponde a uma patologia que \u00e9 transmitida por mam\u00edferos.<\/p>\n<p>Entretanto, cabe destacar que Juiz de Fora n\u00e3o registra casos de raiva em c\u00e3es e gatos desde 1998; em contrapartida, s\u00e3o registrados casos de raiva em bovinos e equinos, frequentemente na zona rural, transmitida principalmente por morcegos hemat\u00f3fagos. Isso leva a atribuir, empiricamente, o fato da cidade n\u00e3o registrar casos de raiva em c\u00e3es e gatos devido \u00e0s abrangentes campanhas de vacina\u00e7\u00e3o que o munic\u00edpio realiza h\u00e1 v\u00e1rios anos consecutivos.<\/p>\n<p>Segundo o m\u00e9dico veterin\u00e1rio e coordenador da Campanha de Vacina\u00e7\u00e3o Antirr\u00e1bica Animal, Jos\u00e9 Geraldo de Castro J\u00fanior, a raiva \u00e9 uma zoonose causada por v\u00edrus e transmitida por mam\u00edferos, principalmente c\u00e3es e gatos, \u201ccabendo destacar que a transmiss\u00e3o ao homem pode ocorrer atrav\u00e9s de equinos e bovinos, animais silvestres\/morcegos, principalmente na zona rural. A transmiss\u00e3o ocorre atrav\u00e9s de mordeduras, arranhaduras e lambeduras de mucosas, em fun\u00e7\u00e3o do v\u00edrus estar presente na saliva dos animais contaminados. Infelizmente, alguns propriet\u00e1rios de bovinos e equinos ainda n\u00e3o vacinam seus animais, permitindo que os mesmos fiquem expostos \u00e0 circula\u00e7\u00e3o viral e ao aparecimento de casos cl\u00ednicos\u201d, afirma.<\/p>\n<p>O Hospital de Pronto Socorro (HPS) \u00e9 o local de refer\u00eancia em Juiz de Fora em casos de mordidas\/arranh\u00f5es de c\u00e3es, gatos e outros animais possivelmente contaminados. O servi\u00e7o de soroterapia do HPS \u00e9 refer\u00eancia no tratamento antirr\u00e1bico na regi\u00e3o, para que se avalie a necessidade de aplica\u00e7\u00e3o de vacina e\/ou soro antirr\u00e1bico. Esse \u00e9 um procedimento que representa outra importante a\u00e7\u00e3o na preven\u00e7\u00e3o da doen\u00e7a, al\u00e9m da vacina\u00e7\u00e3o dos animais.<\/p>\n","protected":false},"excerpt":{"rendered":"<p>O setor de zoonose da Secretaria de Sa\u00fade (SS) da Prefeitura de Juiz de Fora (PJF) d\u00e1 in\u00edcio, na segunda-feira, dia 16, \u00e0 campanha de Vacina\u00e7\u00e3o Antirr\u00e1bica Animal na Zona Rural de Juiz de Fora. A imuniza\u00e7\u00e3o se estender\u00e1 at\u00e9 sexta-feira, 3 de setembro. Para o processo de imuniza\u00e7\u00e3o animal, ser\u00e3o organizadas duas equipes compostas [&hellip;]<\/p>\n","protected":false},"author":246,"featured_media":186325,"comment_status":"closed","ping_status":"closed","sticky":false,"template":"","format":"standard","meta":{"footnotes":""},"categories":[253,436,439],"tags":[],"class_list":["post-186324","post","type-post","status-publish","format-standard","has-post-thumbnail","hentry","category-cidade","category-destaque-da-semana","category-ultima-hora"],"_links":{"self":[{"href":"https:\/\/diarioregionaldigital.com.br\/index.php?rest_route=\/wp\/v2\/posts\/186324","targetHints":{"allow":["GET"]}}],"collection":[{"href":"https:\/\/diarioregionaldigital.com.br\/index.php?rest_route=\/wp\/v2\/posts"}],"about":[{"href":"https:\/\/diarioregionaldigital.com.br\/index.php?rest_route=\/wp\/v2\/types\/post"}],"author":[{"embeddable":true,"href":"https:\/\/diarioregionaldigital.com.br\/index.php?rest_route=\/wp\/v2\/users\/246"}],"replies":[{"embeddable":true,"href":"https:\/\/diarioregionaldigital.com.br\/index.php?rest_route=%2Fwp%2Fv2%2Fcomments&post=186324"}],"version-history":[{"count":1,"href":"https:\/\/diarioregionaldigital.com.br\/index.php?rest_route=\/wp\/v2\/posts\/186324\/revisions"}],"predecessor-version":[{"id":186326,"href":"https:\/\/diarioregionaldigital.com.br\/index.php?rest_route=\/wp\/v2\/posts\/186324\/revisions\/186326"}],"wp:featuredmedia":[{"embeddable":true,"href":"https:\/\/diarioregionaldigital.com.br\/index.php?rest_route=\/wp\/v2\/media\/186325"}],"wp:attachment":[{"href":"https:\/\/diarioregionaldigital.com.br\/index.php?rest_route=%2Fwp%2Fv2%2Fmedia&parent=186324"}],"wp:term":[{"taxonomy":"category","embeddable":true,"href":"https:\/\/diarioregionaldigital.com.br\/index.php?rest_route=%2Fwp%2Fv2%2Fcategories&post=186324"},{"taxonomy":"post_tag","embeddable":true,"href":"https:\/\/diarioregionaldigital.com.br\/index.php?rest_route=%2Fwp%2Fv2%2Ftags&post=186324"}],"curies":[{"name":"wp","href":"https:\/\/api.w.org\/{rel}","templated":true}]}}