{"id":186321,"date":"2021-08-03T18:05:35","date_gmt":"2021-08-03T21:05:35","guid":{"rendered":"https:\/\/diarioregionaldigital.com.br\/?p=186321"},"modified":"2021-08-03T18:05:35","modified_gmt":"2021-08-03T21:05:35","slug":"durante-onda-de-frio-tendas-emergenciais-abrigaram-mais-de-30-pessoas-por-dia","status":"publish","type":"post","link":"https:\/\/diarioregionaldigital.com.br\/?p=186321","title":{"rendered":"Durante onda de frio, tendas emergenciais abrigaram mais de 30 pessoas por dia"},"content":{"rendered":"<p>Com o fim do alerta de frio intenso, as tendas emergenciais preparadas pela Defesa Civil da Prefeitura de Juiz de Fora (PJF) foram desmontadas nesta ter\u00e7a-feira, 3. Os espa\u00e7os funcionaram durante cinco dias como ponto de apoio para a popula\u00e7\u00e3o em situa\u00e7\u00e3o de rua que precisava de prote\u00e7\u00e3o diante das baixas temperaturas.<\/p>\n<p>Segundo informa\u00e7\u00f5es do site da Prefeitura de Juiz de Fora, uma das tendas foi colocada na Pra\u00e7a do Riachuelo, enquanto a outra, feita com o apoio da Associa\u00e7\u00e3o de Moradores do bairro Benfica e da Associa\u00e7\u00e3o Municipal de Catadores de Papel e Materiais Reaproveit\u00e1veis de Juiz de Fora (Ascajuf), estava localizada na Rua Diogo \u00c1lvares, 459. Por noite, considerando os dois locais, mais de 30 pessoas dormiram nas tendas emergenciais.<\/p>\n<p>Em fun\u00e7\u00e3o do apoio de volunt\u00e1rios, os espa\u00e7os puderam funcionar durante 24 horas por dia. A todo momento a tenda disponibilizava \u00e1gua, cobertores e alimenta\u00e7\u00e3o. Al\u00e9m do caf\u00e9, chocolate quente e p\u00e3es, mais de cem refei\u00e7\u00f5es foram servidas em todo jantar. A solidariedade dos juiz-foranos tamb\u00e9m refletiu nas arrecada\u00e7\u00f5es: mais de 800 pe\u00e7as de roupas foram doadas, incluindo cobertores.<\/p>\n<p>A secret\u00e1ria de governo, Cidinha Louzada, destaca a import\u00e2ncia da medida emergencial. \u201cDiante do alerta da Defesa Civil, precisamos agir para garantir prote\u00e7\u00e3o \u00e0s pessoas em situa\u00e7\u00e3o de vulnerabilidade. A montagem das tendas foi uma a\u00e7\u00e3o emergencial, que envolveu a solidariedade da popula\u00e7\u00e3o e possibilitou que vidas fossem salvas. Em outros locais do Brasil, infelizmente, tivemos not\u00edcia de pessoas que morreram de hipotermia durante a onda de frio\u201d, afirma.<\/p>\n<p>A madrugada do dia 30 de julho foi a mais fria em Juiz de Fora nos \u00faltimos 21 anos, quando a temperatura m\u00ednima atingida foi de 5,6\u00ba de acordo com dados do Inmet. Cidinha refor\u00e7a, ainda, que o foco da atual administra\u00e7\u00e3o \u00e9 na cria\u00e7\u00e3o de pol\u00edticas p\u00fablicas efetivas. \u201cTivemos essa a\u00e7\u00e3o pontual, mas n\u00e3o queremos precisar repeti-la. Temos um caminho a tra\u00e7ar para cria\u00e7\u00e3o de projetos de pol\u00edticas p\u00fablicas em Juiz de Fora\u201d, ressalta a secret\u00e1ria.<\/p>\n<p>A secret\u00e1ria de Seguran\u00e7a Urbana e Cidadania (Sesuc), Let\u00edcia Paiva Delgado, destaca a contribui\u00e7\u00e3o da Guarda Municipal e da Pol\u00edcia Militar nas tendas emergenciais. \u201cO empenho da Secretaria de Seguran\u00e7a Urbana e Cidadania foi, principalmente, no sentido de permitir que os moradores em situa\u00e7\u00e3o de rua e tamb\u00e9m aqueles que estavam trabalhando nas tendas se sentissem seguros e tranquilos. Para isso, foi essencial o empenho da Guarda e o apoio incondicional da Policia Militar. O envolvimento da Guarda Municipal &#8211; que se fez presente durante 24 horas nas tendas e ajudou no servi\u00e7o de acolhimento &#8211; refor\u00e7a que a Guarda Municipal de Juiz de Fora atua para promover os direitos humanos e para garantir que a cidade seja um direito de todas e todos\u201d, afirma.<\/p>\n<p><b>Espa\u00e7os de acolhimento em Juiz de Fora<\/b><\/p>\n<p>De quinta-feira, 29, a segunda-feira, 2, foram mais de 500 pessoas alcan\u00e7adas pelas a\u00e7\u00f5es dos abrigos de Juiz de Fora. Caso voc\u00ea identifique uma pessoa em situa\u00e7\u00e3o de rua precisando de apoio, o ideal \u00e9 entrar em contato com a PJF para que a pessoa seja amparada e encaminhada para um local seguro. Das 7h \u00e0s 23h, o contato deve ser feito com a abordagem social atrav\u00e9s do telefone (32) 3690-7770. J\u00e1 a partir das 23h, a popula\u00e7\u00e3o deve ligar para a Defesa Civil, no n\u00famero 199.<\/p>\n<p><b>Juiz de Fora disponibiliza seis espa\u00e7os de acolhimento para as pessoas em situa\u00e7\u00e3o de rua durante a noite:<\/b><\/p>\n<p>&#8211; Casa de Passagem para Homens. Av Brasil, 265<br \/>\n&#8211; Casa Cem. Travessa Doutor Prisco, 55 &#8211; Centro<br \/>\n&#8211; Casa Sta Luzia. Rua Ibitiguaia, 1.240 &#8211; Santa Luzia<br \/>\n&#8211; Casa Jardim Esperan\u00e7a: Rua Padre Ac\u00e1cio Duarte, 2 &#8211; Jardim Esperan\u00e7a<br \/>\n&#8211; Casa de Passagem para Mulheres. Rua Oswaldo Cruz, 85 &#8211; Centro<br \/>\n&#8211; Casa da Cidadania. Av Ilva Melo Reis, 6001 &#8211; Terras Altas<\/p>\n<p>Durante o inverno, tamb\u00e9m est\u00e1 em funcionamento um alojamento emergencial para abrigar pessoas em situa\u00e7\u00e3o de rua durante a noite. Fica localizado no pr\u00e9dio da Empresa Regional de Habita\u00e7\u00e3o de Juiz de Fora (EmCasa), na Avenida Sete de Setembro, 975. O local, que abriga at\u00e9 50 pessoas, disponibiliza espa\u00e7o para guardar carrinhos, permite o acolhimento de animais de estima\u00e7\u00e3o e permite a presen\u00e7a de casais.<\/p>\n","protected":false},"excerpt":{"rendered":"<p>Com o fim do alerta de frio intenso, as tendas emergenciais preparadas pela Defesa Civil da Prefeitura de Juiz de Fora (PJF) foram desmontadas nesta ter\u00e7a-feira, 3. Os espa\u00e7os funcionaram durante cinco dias como ponto de apoio para a popula\u00e7\u00e3o em situa\u00e7\u00e3o de rua que precisava de prote\u00e7\u00e3o diante das baixas temperaturas. Segundo informa\u00e7\u00f5es do [&hellip;]<\/p>\n","protected":false},"author":246,"featured_media":186322,"comment_status":"closed","ping_status":"closed","sticky":false,"template":"","format":"standard","meta":{"footnotes":""},"categories":[253,436,439],"tags":[],"class_list":["post-186321","post","type-post","status-publish","format-standard","has-post-thumbnail","hentry","category-cidade","category-destaque-da-semana","category-ultima-hora"],"_links":{"self":[{"href":"https:\/\/diarioregionaldigital.com.br\/index.php?rest_route=\/wp\/v2\/posts\/186321","targetHints":{"allow":["GET"]}}],"collection":[{"href":"https:\/\/diarioregionaldigital.com.br\/index.php?rest_route=\/wp\/v2\/posts"}],"about":[{"href":"https:\/\/diarioregionaldigital.com.br\/index.php?rest_route=\/wp\/v2\/types\/post"}],"author":[{"embeddable":true,"href":"https:\/\/diarioregionaldigital.com.br\/index.php?rest_route=\/wp\/v2\/users\/246"}],"replies":[{"embeddable":true,"href":"https:\/\/diarioregionaldigital.com.br\/index.php?rest_route=%2Fwp%2Fv2%2Fcomments&post=186321"}],"version-history":[{"count":1,"href":"https:\/\/diarioregionaldigital.com.br\/index.php?rest_route=\/wp\/v2\/posts\/186321\/revisions"}],"predecessor-version":[{"id":186323,"href":"https:\/\/diarioregionaldigital.com.br\/index.php?rest_route=\/wp\/v2\/posts\/186321\/revisions\/186323"}],"wp:featuredmedia":[{"embeddable":true,"href":"https:\/\/diarioregionaldigital.com.br\/index.php?rest_route=\/wp\/v2\/media\/186322"}],"wp:attachment":[{"href":"https:\/\/diarioregionaldigital.com.br\/index.php?rest_route=%2Fwp%2Fv2%2Fmedia&parent=186321"}],"wp:term":[{"taxonomy":"category","embeddable":true,"href":"https:\/\/diarioregionaldigital.com.br\/index.php?rest_route=%2Fwp%2Fv2%2Fcategories&post=186321"},{"taxonomy":"post_tag","embeddable":true,"href":"https:\/\/diarioregionaldigital.com.br\/index.php?rest_route=%2Fwp%2Fv2%2Ftags&post=186321"}],"curies":[{"name":"wp","href":"https:\/\/api.w.org\/{rel}","templated":true}]}}