{"id":186318,"date":"2021-08-03T18:00:44","date_gmt":"2021-08-03T21:00:44","guid":{"rendered":"https:\/\/diarioregionaldigital.com.br\/?p=186318"},"modified":"2021-08-03T18:00:44","modified_gmt":"2021-08-03T21:00:44","slug":"pessoas-com-sindrome-de-down-paralisia-cerebral-e-autistas-sao-vacinadas-contra-covid-19-na-alae","status":"publish","type":"post","link":"https:\/\/diarioregionaldigital.com.br\/?p=186318","title":{"rendered":"Pessoas com S\u00edndrome de Down, paralisia cerebral e autistas s\u00e3o vacinadas contra Covid-19 na Alae"},"content":{"rendered":"<p>A Secret\u00e1ria de Sa\u00fade (SS) da Prefeitura de Juiz de Fora (PJF) realiza vacina\u00e7\u00e3o voltada \u00e0s pessoas com S\u00edndrome de Down, com paralisia cerebral e aos autistas na Associa\u00e7\u00e3o de Livre Apoio aos Excepcionais (Alae), nesta quarta-feira, 4, das 8h \u00e0s 16h. A vacina\u00e7\u00e3o na Alae tem por objetivo facilitar o acesso destas pessoas aos imunizantes, ao mesmo tempo que garante maior agilidade ao processo de vacina\u00e7\u00e3o para estes grupos.<\/p>\n<p>Segundo informa\u00e7\u00f5es do site da Prefeitura de Juiz de Fora, na quarta-feira da semana passada tamb\u00e9m houve aplica\u00e7\u00e3o de vacinas destinadas a estes mesmos p\u00fablicos no local e o processo de vacina\u00e7\u00e3o transcorreu de forma tranquila, sem filas. A Associa\u00e7\u00e3o de Livre Apoio aos Excepcionais fica na Rua Delorme de Carvalho 53, no bairro Bom Pastor.<\/p>\n<p><b>Documenta\u00e7\u00e3o Necess\u00e1ria<\/b><\/p>\n<p>Para receber a vacina, \u00e9 necess\u00e1rio a apresenta\u00e7\u00e3o de um laudo que comprove a condi\u00e7\u00e3o, al\u00e9m de originais e c\u00f3pias de documento de identifica\u00e7\u00e3o com foto e comprovante de resid\u00eancia. Quem for receber a segunda dose deve levar o cart\u00e3o comprovando o recebimento da primeira. Deve-se ter aten\u00e7\u00e3o \u00e0 data de retorno para a segunda dose no cart\u00e3o de vacina, pois o imunizante n\u00e3o \u00e9 aplicado antes do prazo estipulado no mesmo.<\/p>\n<p><b>Fique atento<\/b><\/p>\n<p>Quem se vacinou contra Influenza e tem direito de se vacinar tamb\u00e9m contra a Covid-19 deve esperar pelo menos 15 dias entre o momento que recebeu a dose do imunizante contra a gripe para poder ser vacinado contra o coronav\u00edrus. Para quem foi diagnosticado com Covid-19, \u00e9 recomendado ao menos 30 dias de espera entre o come\u00e7o dos sintomas ou teste positivo (no caso dos assintom\u00e1ticos) para receber a vacina.<\/p>\n","protected":false},"excerpt":{"rendered":"<p>A Secret\u00e1ria de Sa\u00fade (SS) da Prefeitura de Juiz de Fora (PJF) realiza vacina\u00e7\u00e3o voltada \u00e0s pessoas com S\u00edndrome de Down, com paralisia cerebral e aos autistas na Associa\u00e7\u00e3o de Livre Apoio aos Excepcionais (Alae), nesta quarta-feira, 4, das 8h \u00e0s 16h. A vacina\u00e7\u00e3o na Alae tem por objetivo facilitar o acesso destas pessoas aos [&hellip;]<\/p>\n","protected":false},"author":246,"featured_media":186319,"comment_status":"closed","ping_status":"closed","sticky":false,"template":"","format":"standard","meta":{"footnotes":""},"categories":[253,440,439],"tags":[],"class_list":["post-186318","post","type-post","status-publish","format-standard","has-post-thumbnail","hentry","category-cidade","category-destaques-do-dia","category-ultima-hora"],"_links":{"self":[{"href":"https:\/\/diarioregionaldigital.com.br\/index.php?rest_route=\/wp\/v2\/posts\/186318","targetHints":{"allow":["GET"]}}],"collection":[{"href":"https:\/\/diarioregionaldigital.com.br\/index.php?rest_route=\/wp\/v2\/posts"}],"about":[{"href":"https:\/\/diarioregionaldigital.com.br\/index.php?rest_route=\/wp\/v2\/types\/post"}],"author":[{"embeddable":true,"href":"https:\/\/diarioregionaldigital.com.br\/index.php?rest_route=\/wp\/v2\/users\/246"}],"replies":[{"embeddable":true,"href":"https:\/\/diarioregionaldigital.com.br\/index.php?rest_route=%2Fwp%2Fv2%2Fcomments&post=186318"}],"version-history":[{"count":1,"href":"https:\/\/diarioregionaldigital.com.br\/index.php?rest_route=\/wp\/v2\/posts\/186318\/revisions"}],"predecessor-version":[{"id":186320,"href":"https:\/\/diarioregionaldigital.com.br\/index.php?rest_route=\/wp\/v2\/posts\/186318\/revisions\/186320"}],"wp:featuredmedia":[{"embeddable":true,"href":"https:\/\/diarioregionaldigital.com.br\/index.php?rest_route=\/wp\/v2\/media\/186319"}],"wp:attachment":[{"href":"https:\/\/diarioregionaldigital.com.br\/index.php?rest_route=%2Fwp%2Fv2%2Fmedia&parent=186318"}],"wp:term":[{"taxonomy":"category","embeddable":true,"href":"https:\/\/diarioregionaldigital.com.br\/index.php?rest_route=%2Fwp%2Fv2%2Fcategories&post=186318"},{"taxonomy":"post_tag","embeddable":true,"href":"https:\/\/diarioregionaldigital.com.br\/index.php?rest_route=%2Fwp%2Fv2%2Ftags&post=186318"}],"curies":[{"name":"wp","href":"https:\/\/api.w.org\/{rel}","templated":true}]}}