{"id":186315,"date":"2021-08-03T17:55:17","date_gmt":"2021-08-03T20:55:17","guid":{"rendered":"https:\/\/diarioregionaldigital.com.br\/?p=186315"},"modified":"2021-08-03T17:55:17","modified_gmt":"2021-08-03T20:55:17","slug":"inspirados-por-italo-surfistas-mirins-sonham-com-medalha-olimpica","status":"publish","type":"post","link":"https:\/\/diarioregionaldigital.com.br\/?p=186315","title":{"rendered":"Inspirados por \u00cdtalo, surfistas mirins sonham com medalha ol\u00edmpica"},"content":{"rendered":"<p>O brasileiro \u00cdtalo Ferreira conquistou o primeiro ouro ol\u00edmpico do surfe em T\u00f3quio\u00a0e, se a rea\u00e7\u00e3o em sua cidade-natal servir de refer\u00eancia, n\u00e3o ser\u00e1 o \u00faltimo de uma das na\u00e7\u00f5es mais destacadas no esporte, onde muitos se sentem em casa no meio das ondas.<img decoding=\"async\" src=\"https:\/\/agenciabrasil.ebc.com.br\/ebc.png?id=1417192&amp;o=node\" \/><img decoding=\"async\" src=\"https:\/\/agenciabrasil.ebc.com.br\/ebc.gif?id=1417192&amp;o=node\" \/><\/p>\n<p>Os surfistas mirins de Ba\u00eda Formosa, uma pequena cidade litor\u00e2nea do Rio Grande do Norte, se inspiram h\u00e1 tempos no novo campe\u00e3o ol\u00edmpico, e sua medalha s\u00f3 aumenta a motiva\u00e7\u00e3o em progredir no esporte.<\/p>\n<p>&#8220;Foi muito interessante notar o quanto essa medalha do \u00cdtalo trouxe um novo f\u00f4lego para o surfe e uma nova inspira\u00e7\u00e3o para essas gera\u00e7\u00f5es que est\u00e3o vindo&#8221;, disse Daniel Grubba, um agente de surfistas da\u00a0<em>One Sports Agency<\/em>.<\/p>\n<p>Grubba estava em Ba\u00eda Formosa na semana passada em busca de jovens talentos para contratar, e um deles era Maria Clara Dornelas, uma moradora local de 12 anos.<\/p>\n<p>&#8220;Eu me inspirei nele (\u00cdtalo) muitas vezes, quando estou competindo em um campeonato lembro dele e fa\u00e7o mais ou menos o que ele fez&#8221;, disse Maria Clara depois de vencer o Maresia Pro, uma competi\u00e7\u00e3o nacional na qual enfrentou rivais com o dobro de sua idade.\u00a0&#8220;Alegria, porque estar levando uma medalha para sua cidade deve ser incr\u00edvel, e imagine medalha de ouro!&#8221;, acrescentou.<\/p>\n<p>Apesar do maior destaque alcan\u00e7ado pelo ouro ol\u00edmpico, o sucesso do surfe n\u00e3o \u00e9 novo no Brasil.<\/p>\n<p>Os tr\u00eas principais surfistas do ranking masculino da World Surf League s\u00e3o todos brasileiros\u00a0e uma das cinco melhores mulheres tamb\u00e9m.<\/p>\n<p>Outra surfista, a carioca Maya Gabeira, quebrou no ano passado o recorde mundial de maior onda surfada: uma parede de \u00e1gua de 22,4 metros de altura no litoral portugu\u00eas.<\/p>\n<p>Mas a inclus\u00e3o e o sucesso na Olimp\u00edada d\u00e3o ao esporte um impulso enorme.<\/p>\n<p>&#8220;\u00c9 legal poder inspirar as outras pessoas, n\u00e3o s\u00f3 as crian\u00e7as, mas outras pessoas que t\u00eam um outro sonho, que n\u00e3o vivem diretamente do esporte, mas que t\u00eam grandes sonhos, que tentam conquistar algo&#8221;, disse \u00cdtalo nesta semana pouco depois de voltar do Jap\u00e3o.\u00a0&#8220;Ter a minha hist\u00f3ria como inspira\u00e7\u00e3o e motiva\u00e7\u00e3o, acho que isso \u00e9 muito gratificante&#8221;, afirmou.<\/p>\n<p><span style=\"font-weight: 400;\">Fonte: Ag\u00eancia Brasil <\/span><\/p>\n","protected":false},"excerpt":{"rendered":"<p>O brasileiro \u00cdtalo Ferreira conquistou o primeiro ouro ol\u00edmpico do surfe em T\u00f3quio\u00a0e, se a rea\u00e7\u00e3o em sua cidade-natal servir de refer\u00eancia, n\u00e3o ser\u00e1 o \u00faltimo de uma das na\u00e7\u00f5es mais destacadas no esporte, onde muitos se sentem em casa no meio das ondas. Os surfistas mirins de Ba\u00eda Formosa, uma pequena cidade litor\u00e2nea do [&hellip;]<\/p>\n","protected":false},"author":246,"featured_media":186316,"comment_status":"closed","ping_status":"closed","sticky":false,"template":"","format":"standard","meta":{"footnotes":""},"categories":[436,257,439],"tags":[],"class_list":["post-186315","post","type-post","status-publish","format-standard","has-post-thumbnail","hentry","category-destaque-da-semana","category-esporte","category-ultima-hora"],"_links":{"self":[{"href":"https:\/\/diarioregionaldigital.com.br\/index.php?rest_route=\/wp\/v2\/posts\/186315","targetHints":{"allow":["GET"]}}],"collection":[{"href":"https:\/\/diarioregionaldigital.com.br\/index.php?rest_route=\/wp\/v2\/posts"}],"about":[{"href":"https:\/\/diarioregionaldigital.com.br\/index.php?rest_route=\/wp\/v2\/types\/post"}],"author":[{"embeddable":true,"href":"https:\/\/diarioregionaldigital.com.br\/index.php?rest_route=\/wp\/v2\/users\/246"}],"replies":[{"embeddable":true,"href":"https:\/\/diarioregionaldigital.com.br\/index.php?rest_route=%2Fwp%2Fv2%2Fcomments&post=186315"}],"version-history":[{"count":1,"href":"https:\/\/diarioregionaldigital.com.br\/index.php?rest_route=\/wp\/v2\/posts\/186315\/revisions"}],"predecessor-version":[{"id":186317,"href":"https:\/\/diarioregionaldigital.com.br\/index.php?rest_route=\/wp\/v2\/posts\/186315\/revisions\/186317"}],"wp:featuredmedia":[{"embeddable":true,"href":"https:\/\/diarioregionaldigital.com.br\/index.php?rest_route=\/wp\/v2\/media\/186316"}],"wp:attachment":[{"href":"https:\/\/diarioregionaldigital.com.br\/index.php?rest_route=%2Fwp%2Fv2%2Fmedia&parent=186315"}],"wp:term":[{"taxonomy":"category","embeddable":true,"href":"https:\/\/diarioregionaldigital.com.br\/index.php?rest_route=%2Fwp%2Fv2%2Fcategories&post=186315"},{"taxonomy":"post_tag","embeddable":true,"href":"https:\/\/diarioregionaldigital.com.br\/index.php?rest_route=%2Fwp%2Fv2%2Ftags&post=186315"}],"curies":[{"name":"wp","href":"https:\/\/api.w.org\/{rel}","templated":true}]}}