{"id":186309,"date":"2021-08-03T17:52:02","date_gmt":"2021-08-03T20:52:02","guid":{"rendered":"https:\/\/diarioregionaldigital.com.br\/?p=186309"},"modified":"2021-08-03T17:52:02","modified_gmt":"2021-08-03T20:52:02","slug":"brasil-avanca-a-final-de-saltos-no-hipismo-em-toquio-com-yuri-mansur","status":"publish","type":"post","link":"https:\/\/diarioregionaldigital.com.br\/?p=186309","title":{"rendered":"Brasil avan\u00e7a \u00e0 final de saltos no hipismo em T\u00f3quio com Yuri Mansur"},"content":{"rendered":"<p>O cavaleiro Yuri Mansur \u00e9 o primeiro finalista da delega\u00e7\u00e3o brasileira de hipismo na Olimp\u00edada de T\u00f3quio (Jap\u00e3o). O paulistano, de 42 anos, se classificou na madrugada de hoje (3) \u00e0 final dos saltos, que ocorrer\u00e1 \u00e0s 7h desta quarta-feira (4), no Parque Equestre, na capital japonesa.<\/p>\n<p>\u201cFoi muito bom, tive tranquilidade no percurso. A \u00fanica d\u00favida que eu tinha era no triplo e tomei a decis\u00e3o certa. Meu cavalo [QH Alfons Santo Antonio] saltou bem em todo o percurso. Ele estava assustado quando fui perto do primeiro obst\u00e1culo. Ele \u00e9 um cavalo sens\u00edvel, s\u00f3 que \u00e9 muito valente e d\u00e1 o m\u00e1ximo dele, sempre\u201d, disse Mansur em depoimento ao Comit\u00ea Olimpico do Brasil (COB).<\/p>\n<p>A competi\u00e7\u00e3o contou tamb\u00e9m com o cavaleiro maranhense Marlon Zanotelli, de 33 anos,que ficou bem perto da classifica\u00e7\u00e3o com o cavalo VDL Edar, mas cometeu uma falta e n\u00e3o avan\u00e7ou. O torneio individual de saltos reuniu 73 atletas e\u00a0 apenas os 30 primeiros colocados lutar\u00e3o por medalhas.<\/p>\n<p><strong>Disputa por equipes<\/strong><\/p>\n<p>\u00c0s 7h de sexta-feira (6) come\u00e7a a etapa qualificat\u00f3ria da competi\u00e7\u00e3o dos\u00a0saltos por equipes. O Brasil ser\u00e1 representado por Rodrigo Pessoa (com o cavalo Carlitos Way) e Pedro Veniss (Quabri de L\u2019isle), al\u00e9m de Yuri Mansur e Marlon Zanotelli.\u00a0 Quem se classificar, far\u00e1 a final no s\u00e1bado (7), \u00e0s 7h.<\/p>\n<p><span style=\"font-weight: 400;\">Fonte: Ag\u00eancia Brasil <\/span><\/p>\n","protected":false},"excerpt":{"rendered":"<p>O cavaleiro Yuri Mansur \u00e9 o primeiro finalista da delega\u00e7\u00e3o brasileira de hipismo na Olimp\u00edada de T\u00f3quio (Jap\u00e3o). O paulistano, de 42 anos, se classificou na madrugada de hoje (3) \u00e0 final dos saltos, que ocorrer\u00e1 \u00e0s 7h desta quarta-feira (4), no Parque Equestre, na capital japonesa. \u201cFoi muito bom, tive tranquilidade no percurso. A [&hellip;]<\/p>\n","protected":false},"author":246,"featured_media":186310,"comment_status":"closed","ping_status":"closed","sticky":false,"template":"","format":"standard","meta":{"footnotes":""},"categories":[436,257,439],"tags":[],"class_list":["post-186309","post","type-post","status-publish","format-standard","has-post-thumbnail","hentry","category-destaque-da-semana","category-esporte","category-ultima-hora"],"_links":{"self":[{"href":"https:\/\/diarioregionaldigital.com.br\/index.php?rest_route=\/wp\/v2\/posts\/186309","targetHints":{"allow":["GET"]}}],"collection":[{"href":"https:\/\/diarioregionaldigital.com.br\/index.php?rest_route=\/wp\/v2\/posts"}],"about":[{"href":"https:\/\/diarioregionaldigital.com.br\/index.php?rest_route=\/wp\/v2\/types\/post"}],"author":[{"embeddable":true,"href":"https:\/\/diarioregionaldigital.com.br\/index.php?rest_route=\/wp\/v2\/users\/246"}],"replies":[{"embeddable":true,"href":"https:\/\/diarioregionaldigital.com.br\/index.php?rest_route=%2Fwp%2Fv2%2Fcomments&post=186309"}],"version-history":[{"count":1,"href":"https:\/\/diarioregionaldigital.com.br\/index.php?rest_route=\/wp\/v2\/posts\/186309\/revisions"}],"predecessor-version":[{"id":186311,"href":"https:\/\/diarioregionaldigital.com.br\/index.php?rest_route=\/wp\/v2\/posts\/186309\/revisions\/186311"}],"wp:featuredmedia":[{"embeddable":true,"href":"https:\/\/diarioregionaldigital.com.br\/index.php?rest_route=\/wp\/v2\/media\/186310"}],"wp:attachment":[{"href":"https:\/\/diarioregionaldigital.com.br\/index.php?rest_route=%2Fwp%2Fv2%2Fmedia&parent=186309"}],"wp:term":[{"taxonomy":"category","embeddable":true,"href":"https:\/\/diarioregionaldigital.com.br\/index.php?rest_route=%2Fwp%2Fv2%2Fcategories&post=186309"},{"taxonomy":"post_tag","embeddable":true,"href":"https:\/\/diarioregionaldigital.com.br\/index.php?rest_route=%2Fwp%2Fv2%2Ftags&post=186309"}],"curies":[{"name":"wp","href":"https:\/\/api.w.org\/{rel}","templated":true}]}}