{"id":186297,"date":"2021-08-03T17:35:48","date_gmt":"2021-08-03T20:35:48","guid":{"rendered":"https:\/\/diarioregionaldigital.com.br\/?p=186297"},"modified":"2021-08-03T17:35:48","modified_gmt":"2021-08-03T20:35:48","slug":"tse-abre-inquerito-para-apurar-ataques-a-legitimidade-das-eleicoes","status":"publish","type":"post","link":"https:\/\/diarioregionaldigital.com.br\/?p=186297","title":{"rendered":"TSE abre inqu\u00e9rito para apurar ataques \u00e0 legitimidade das elei\u00e7\u00f5es"},"content":{"rendered":"<p>O Tribunal Superior Eleitoral (TSE) abriu hoje (2) um inqu\u00e9rito administrativo para apurar ataques ao sistema eletr\u00f4nico de vota\u00e7\u00e3o e \u00e0 legitimidade das Elei\u00e7\u00f5es de 2022.<img decoding=\"async\" src=\"https:\/\/agenciabrasil.ebc.com.br\/ebc.png?id=1417131&amp;o=node\" \/><img decoding=\"async\" src=\"https:\/\/agenciabrasil.ebc.com.br\/ebc.gif?id=1417131&amp;o=node\" \/><\/p>\n<p>A investiga\u00e7\u00e3o vai apurar fatos que podem configurar abuso de poder econ\u00f4mico e pol\u00edtico, propaganda eleitoral antecipada, uso indevido dos meios de comunica\u00e7\u00e3o, fraude e condutas vedadas a agentes p\u00fablicos.<\/p>\n<p>Al\u00e9m disso, o plen\u00e1rio aprovou documento assinado pelo presidente do TSE, ministro Lu\u00eds Roberto Barroso, e encaminhou ao Supremo Tribunal Federal (STF) uma queixa-crime contra o presidente Jair Bolsonaro.<\/p>\n<p>No documento, que foi endere\u00e7ado ao ministro Alexandre de Moraes, Barroso pede a apura\u00e7\u00e3o de &#8220;poss\u00edvel conduta criminosa&#8221; relacionada \u00e0\u00a0<a href=\"https:\/\/agenciabrasil.ebc.com.br\/politica\/noticia\/2021-07\/presidente-defende-voto-impresso-nas-eleicoes-durante-live\" target=\"_blank\" rel=\"noopener\"><em>live<\/em>\u00a0transmitida pelo presidente<\/a>\u00a0na semana passada. Moraes \u00e9 relator do inqu\u00e9rito que apura divulga\u00e7\u00e3o de informa\u00e7\u00f5es falsas e ataques ao STF.<\/p>\n<p>Na transmiss\u00e3o, foram apresentados v\u00eddeos de eleitores que foram \u00e0s urnas em elei\u00e7\u00f5es anteriores apontando supostos ind\u00edcios de fraudes na utiliza\u00e7\u00e3o da urna eletr\u00f4nica.<\/p>\n<p><strong>TSE<\/strong><\/p>\n<p>Mais cedo, todos os 15 ex-presidentes do Tribunal Superior Eleitoral (TSE) desde a promulga\u00e7\u00e3o da Constitui\u00e7\u00e3o de 1988\u00a0<a href=\"https:\/\/agenciabrasil.ebc.com.br\/justica\/noticia\/2021-08\/ex-presidentes-do-tse-divulgam-nota-em-defesa-do-processo-eleitoral\" target=\"_blank\" rel=\"noopener\">assinaram\u00a0nota<\/a>\u00a0em que defendem a lisura e a seguran\u00e7a do atual formato das elei\u00e7\u00f5es no Brasil, realizado por meio da urna eletr\u00f4nica.\u00a0O documento \u00e9 assinado tamb\u00e9m pelo atual presidente do TSE, ministro Lu\u00eds Roberto Barroso, e por dois futuros presidentes, os ministros Edson Fachin e Alexandre de Moraes.<\/p>\n<p><span style=\"font-weight: 400;\">Fonte: Ag\u00eancia Brasil <\/span><\/p>\n","protected":false},"excerpt":{"rendered":"<p>O Tribunal Superior Eleitoral (TSE) abriu hoje (2) um inqu\u00e9rito administrativo para apurar ataques ao sistema eletr\u00f4nico de vota\u00e7\u00e3o e \u00e0 legitimidade das Elei\u00e7\u00f5es de 2022. A investiga\u00e7\u00e3o vai apurar fatos que podem configurar abuso de poder econ\u00f4mico e pol\u00edtico, propaganda eleitoral antecipada, uso indevido dos meios de comunica\u00e7\u00e3o, fraude e condutas vedadas a agentes [&hellip;]<\/p>\n","protected":false},"author":246,"featured_media":186298,"comment_status":"closed","ping_status":"closed","sticky":false,"template":"","format":"standard","meta":{"footnotes":""},"categories":[436,254,439],"tags":[],"class_list":["post-186297","post","type-post","status-publish","format-standard","has-post-thumbnail","hentry","category-destaque-da-semana","category-politica","category-ultima-hora"],"_links":{"self":[{"href":"https:\/\/diarioregionaldigital.com.br\/index.php?rest_route=\/wp\/v2\/posts\/186297","targetHints":{"allow":["GET"]}}],"collection":[{"href":"https:\/\/diarioregionaldigital.com.br\/index.php?rest_route=\/wp\/v2\/posts"}],"about":[{"href":"https:\/\/diarioregionaldigital.com.br\/index.php?rest_route=\/wp\/v2\/types\/post"}],"author":[{"embeddable":true,"href":"https:\/\/diarioregionaldigital.com.br\/index.php?rest_route=\/wp\/v2\/users\/246"}],"replies":[{"embeddable":true,"href":"https:\/\/diarioregionaldigital.com.br\/index.php?rest_route=%2Fwp%2Fv2%2Fcomments&post=186297"}],"version-history":[{"count":1,"href":"https:\/\/diarioregionaldigital.com.br\/index.php?rest_route=\/wp\/v2\/posts\/186297\/revisions"}],"predecessor-version":[{"id":186299,"href":"https:\/\/diarioregionaldigital.com.br\/index.php?rest_route=\/wp\/v2\/posts\/186297\/revisions\/186299"}],"wp:featuredmedia":[{"embeddable":true,"href":"https:\/\/diarioregionaldigital.com.br\/index.php?rest_route=\/wp\/v2\/media\/186298"}],"wp:attachment":[{"href":"https:\/\/diarioregionaldigital.com.br\/index.php?rest_route=%2Fwp%2Fv2%2Fmedia&parent=186297"}],"wp:term":[{"taxonomy":"category","embeddable":true,"href":"https:\/\/diarioregionaldigital.com.br\/index.php?rest_route=%2Fwp%2Fv2%2Fcategories&post=186297"},{"taxonomy":"post_tag","embeddable":true,"href":"https:\/\/diarioregionaldigital.com.br\/index.php?rest_route=%2Fwp%2Fv2%2Ftags&post=186297"}],"curies":[{"name":"wp","href":"https:\/\/api.w.org\/{rel}","templated":true}]}}