{"id":186294,"date":"2021-08-03T17:33:16","date_gmt":"2021-08-03T20:33:16","guid":{"rendered":"https:\/\/diarioregionaldigital.com.br\/?p=186294"},"modified":"2021-08-03T17:33:16","modified_gmt":"2021-08-03T20:33:16","slug":"cpi-reverendo-amilton-de-paula-diz-que-nao-negociou-vacinas","status":"publish","type":"post","link":"https:\/\/diarioregionaldigital.com.br\/?p=186294","title":{"rendered":"CPI: reverendo Amilton de Paula diz que n\u00e3o negociou vacinas"},"content":{"rendered":"<p>Na retomada dos depoimentos da Comiss\u00e3o Parlamentar de Inqu\u00e9rito (CPI) da Pandemia do Senado, nesta ter\u00e7a-feira (3), o reverendo Am\u00edlton Gomes de Paula foi o primeiro a ser ouvido. A CPI investiga se ele teria tentado intermediar a aquisi\u00e7\u00e3o de vacinas contra a covid-19 pelo governo brasileiro por meio da empresa Davati Medical Supply. Aos senadores, ele negou conhecer pessoas ou ter influ\u00eancia para intermediar a negocia\u00e7\u00e3o. O reverendo\u00a0disse que, por meio de e-mails enviados por ele \u00e0 pasta, conseguiu tr\u00eas reuni\u00f5es com a c\u00fapula do minist\u00e9rio.<img decoding=\"async\" src=\"https:\/\/agenciabrasil.ebc.com.br\/ebc.png?id=1417189&amp;o=node\" \/><img decoding=\"async\" src=\"https:\/\/agenciabrasil.ebc.com.br\/ebc.gif?id=1417189&amp;o=node\" \/><\/p>\n<p>As audi\u00eancias ocorreram nos dias 22 de fevereiro e 2 e 12 de mar\u00e7o deste ano. \u201cEu n\u00e3o tinha contatos. Os contatos que eu tinha eram sempre de forma formal, eletr\u00f4nica\u201d, garantiu.<\/p>\n<p>Fundador da Secretaria Nacional de Assuntos Religiosos (Senah), uma organiza\u00e7\u00e3o sem fins lucrativos (ONG), Amilton de Paula afirmou que sua atua\u00e7\u00e3o se limitou a indicar para o Minist\u00e9rio da Sa\u00fade algu\u00e9m que teria imunizantes. Ele disse tamb\u00e9m que foi usado pela Davati Medical Supply, empresa investigada pela comiss\u00e3o por suas tratativas sobre vacinas com o governo federal.<\/p>\n<p>O reverendo explicou que foi procurado pelo policial militar Luiz Paulo Dominghetti, suposto negociante de vacinas, no dia 16 de fevereiro, e que na ocasi\u00e3o Dominghetti teria comentado sobre a entrega de 400 milh\u00f5es de doses da vacina de Oxford\/AstraZeca em at\u00e9 oito dias, por US$ 3,97 a dose. \u201cEntendemos que fomos usados de maneira ardilosa para fins esp\u00farios e que desconhecemos. Vimos um trabalho de mais de 22 anos de uma ONG, entidade s\u00e9ria, voltada para a\u00e7\u00f5es humanit\u00e1rias, educacionais, jogado na lama, trazendo preju\u00edzo na sua credibilidade e atingindo seus integrantes nas rela\u00e7\u00f5es profissionais e familiares\u201d, avaliou.<\/p>\n<p>Sobre a primeira audi\u00eancia no Minist\u00e9rio da Sa\u00fade, no dia 22 de fevereiro, \u00e0s 12h50, Amilton de Paula disse que encaminhou um e-mail ao Minist\u00e9rio da Sa\u00fade solicitando um encontro para o mesmo dia, \u00e0s 16h30. O assunto seria a compra das vacinas e o reverendo foi atendido prontamente. \u201cO senhor mandou e-mail \u00e0s 12h, apontou o hor\u00e1rio que queria ser recebido e no mesmo dia isso ocorreu. Queria essa efici\u00eancia do governo tamb\u00e9m com a Pfizer. O que nos espanta \u00e9 que farmac\u00eauticas de todo o mundo n\u00e3o tiveram esse tipo de tratamento\u201d, disse\u00a0o vice-presidente da CPI, senador Randolfe Rodrigues ( Rede-AP).<\/p>\n<p>O presidente do colegiado, senador Omar Aziz (MDB-AM), tamb\u00e9m disse n\u00e3o acreditar na vers\u00e3o. Aziz comentou que se ele levasse uma comitiva de prefeitos de qualquer lugar do pa\u00eds ao minist\u00e9rio teria dificuldade para ter um espa\u00e7o na agenda, principalmente numa \u00e9poca de pandemia.<\/p>\n<p>Ao reafirmar por diversas vezes que n\u00e3o tinha contatos no governo federal, o reverendo explicou porque acha que foi atendido prontamente com o pedido de audi\u00eancia. \u201cFui l\u00e1 como embaixador mundial da paz\u201d, disse. \u201cImagino que por causa da escassez [de vacinas] que est\u00e1vamos vivendo, fomos recebidos\u201d, acrescentou.<\/p>\n<p>No dia 12 de mar\u00e7o, data que teria tido a \u00faltima reuni\u00e3o no Minist\u00e9rio da Sa\u00fade, o encontro foi com o ent\u00e3o secret\u00e1rio-executivo da pasta, coronel \u00c9lcio Franco. No encontro, houve a apresenta\u00e7\u00e3o da oferta de 400 milh\u00f5es de doses de vacina da Astrazeneca. \u201cA reuni\u00e3o foi muito r\u00e1pida\u201d, destacou\u00a0Amilton.<\/p>\n<p><strong>Quebras de sigilo<\/strong><\/p>\n<p>Nesta nova etapa da comiss\u00e3o deve aprofundar as investiga\u00e7\u00f5es sobre negocia\u00e7\u00f5es de vacinas envolvendo intermedi\u00e1rios sem o aval de fabricantes estrangeiros. Na primeira parte da reuni\u00e3o de hoje, durante vota\u00e7\u00e3o de requerimentos, 129 dos 135 requerimentos que estavam na pauta foram aprovados. Um deles foi a quebra de sigilo da empresa VTCLog, atual encarregada da log\u00edstica para a entrega de vacinas.<\/p>\n<p>Outro aprovado \u00e9 o que quebra os sigilos telef\u00f4nico, fiscal, banc\u00e1rio e telem\u00e1tico do l\u00edder do governo na C\u00e2mara, deputado Ricardo Barros (PP-PR). Barros foi citado no depoimento dos irm\u00e3os Lu\u00eds Ricardo, servidor do Minist\u00e9rio da Sa\u00fade, e Lu\u00eds Miranda,\u00a0deputado federal (DEM-DF), como envolvido em um suposto esquema de corrup\u00e7\u00e3o na compra da vacina Covaxin. Lu\u00eds Miranda tamb\u00e9m teve os sigilos quebrados.<\/p>\n<p>Ainda entre os requerimentos aprovados h\u00e1 um pedido de afastamento de Mayra Pinheiro do cargo de secret\u00e1ria de Gest\u00e3o do Trabalho e da Educa\u00e7\u00e3o na Sa\u00fade do Minist\u00e9rio da Sa\u00fade, al\u00e9m da nova convoca\u00e7\u00e3o do ex-secret\u00e1rio executivo da pasta \u00c9lcio Franco.<\/p>\n<p><span style=\"font-weight: 400;\">Fonte: Ag\u00eancia Brasil <\/span><\/p>\n","protected":false},"excerpt":{"rendered":"<p>Na retomada dos depoimentos da Comiss\u00e3o Parlamentar de Inqu\u00e9rito (CPI) da Pandemia do Senado, nesta ter\u00e7a-feira (3), o reverendo Am\u00edlton Gomes de Paula foi o primeiro a ser ouvido. A CPI investiga se ele teria tentado intermediar a aquisi\u00e7\u00e3o de vacinas contra a covid-19 pelo governo brasileiro por meio da empresa Davati Medical Supply. Aos [&hellip;]<\/p>\n","protected":false},"author":246,"featured_media":186295,"comment_status":"closed","ping_status":"closed","sticky":false,"template":"","format":"standard","meta":{"footnotes":""},"categories":[440,254,439],"tags":[],"class_list":["post-186294","post","type-post","status-publish","format-standard","has-post-thumbnail","hentry","category-destaques-do-dia","category-politica","category-ultima-hora"],"_links":{"self":[{"href":"https:\/\/diarioregionaldigital.com.br\/index.php?rest_route=\/wp\/v2\/posts\/186294","targetHints":{"allow":["GET"]}}],"collection":[{"href":"https:\/\/diarioregionaldigital.com.br\/index.php?rest_route=\/wp\/v2\/posts"}],"about":[{"href":"https:\/\/diarioregionaldigital.com.br\/index.php?rest_route=\/wp\/v2\/types\/post"}],"author":[{"embeddable":true,"href":"https:\/\/diarioregionaldigital.com.br\/index.php?rest_route=\/wp\/v2\/users\/246"}],"replies":[{"embeddable":true,"href":"https:\/\/diarioregionaldigital.com.br\/index.php?rest_route=%2Fwp%2Fv2%2Fcomments&post=186294"}],"version-history":[{"count":1,"href":"https:\/\/diarioregionaldigital.com.br\/index.php?rest_route=\/wp\/v2\/posts\/186294\/revisions"}],"predecessor-version":[{"id":186296,"href":"https:\/\/diarioregionaldigital.com.br\/index.php?rest_route=\/wp\/v2\/posts\/186294\/revisions\/186296"}],"wp:featuredmedia":[{"embeddable":true,"href":"https:\/\/diarioregionaldigital.com.br\/index.php?rest_route=\/wp\/v2\/media\/186295"}],"wp:attachment":[{"href":"https:\/\/diarioregionaldigital.com.br\/index.php?rest_route=%2Fwp%2Fv2%2Fmedia&parent=186294"}],"wp:term":[{"taxonomy":"category","embeddable":true,"href":"https:\/\/diarioregionaldigital.com.br\/index.php?rest_route=%2Fwp%2Fv2%2Fcategories&post=186294"},{"taxonomy":"post_tag","embeddable":true,"href":"https:\/\/diarioregionaldigital.com.br\/index.php?rest_route=%2Fwp%2Fv2%2Ftags&post=186294"}],"curies":[{"name":"wp","href":"https:\/\/api.w.org\/{rel}","templated":true}]}}