{"id":186279,"date":"2021-08-03T10:23:07","date_gmt":"2021-08-03T13:23:07","guid":{"rendered":"https:\/\/diarioregionaldigital.com.br\/?p=186279"},"modified":"2021-08-03T10:23:07","modified_gmt":"2021-08-03T13:23:07","slug":"operacao-torre-129-desarticula-organizacao-criminosa-suspeita-de-atuar-em-juiz-de-fora","status":"publish","type":"post","link":"https:\/\/diarioregionaldigital.com.br\/?p=186279","title":{"rendered":"Opera\u00e7\u00e3o Torre 129 desarticula organiza\u00e7\u00e3o criminosa suspeita de atuar em Juiz de Fora"},"content":{"rendered":"<p>Na madrugada desta ter\u00e7a-feira, 03\/8, e ontem, a Pol\u00edcia Civil de Minas Gerais deflagrou a opera\u00e7\u00e3o Torre 129, visando desarticular uma organiza\u00e7\u00e3o criminosa suspeita de atuar na regi\u00e3o Leste do munic\u00edpio de Juiz de Fora, na Zona da Mata mineira. Na ocasi\u00e3o, policiais civis da Delegacia Especializada de Combate ao Narcotr\u00e1fico prenderam seis suspeitos pela pr\u00e1tica dos crimes de tr\u00e1fico de drogas e de associa\u00e7\u00e3o para o tr\u00e1fico. Al\u00e9m disso, foram conduzidas at\u00e9 a delegacia quatro pessoas por uso e consumo de drogas. Os dez investigados possuem idades entre 24 e 56 anos.<\/p>\n<p>Durante a a\u00e7\u00e3o, tamb\u00e9m foram apreendidos tr\u00eas ve\u00edculos; 92 pedras de crack; 11 buchas grandes de coca\u00edna; R$ 390; um drone que seria utilizado para monitorar a a\u00e7\u00e3o da Pol\u00edcia, entre outros materiais. Conforme informa\u00e7\u00f5es da assessoria, a manobra ocorreu, ap\u00f3s trabalhos investigativos que se iniciariam no m\u00eas de fevereiro. \u201cOs policiais civis apuraram a participa\u00e7\u00e3o dos suspeitos em um esquema de vendas de drogas que vinha incomodando as pessoas de bem da localidade. Durante as investiga\u00e7\u00f5es, foram obtidas as provas necess\u00e1rias que comprovaram a participa\u00e7\u00e3o de cada um dos investigados e suas atribui\u00e7\u00f5es no esquema criminoso\u201d, concluiu o delegado Rafael Gomes.<\/p>\n<p><strong>Opera\u00e7\u00e3o Torre 129<\/strong><\/p>\n<p>O nome da opera\u00e7\u00e3o faz alus\u00e3o ao local onde ocorria a pr\u00e1tica criminosa, conhecido como \u201cTorre\u201d, e ao n\u00famero de pessoas presas pela Pol\u00edcia Civil neste ano \u2013 no total, 129 -, por meio da atua\u00e7\u00e3o da Delegacia de Combate ao Narcotr\u00e1fico.<\/p>\n","protected":false},"excerpt":{"rendered":"<p>Na madrugada desta ter\u00e7a-feira, 03\/8, e ontem, a Pol\u00edcia Civil de Minas Gerais deflagrou a opera\u00e7\u00e3o Torre 129, visando desarticular uma organiza\u00e7\u00e3o criminosa suspeita de atuar na regi\u00e3o Leste do munic\u00edpio de Juiz de Fora, na Zona da Mata mineira. Na ocasi\u00e3o, policiais civis da Delegacia Especializada de Combate ao Narcotr\u00e1fico prenderam seis suspeitos pela [&hellip;]<\/p>\n","protected":false},"author":246,"featured_media":186280,"comment_status":"closed","ping_status":"closed","sticky":false,"template":"","format":"standard","meta":{"footnotes":""},"categories":[301,1229],"tags":[],"class_list":["post-186279","post","type-post","status-publish","format-standard","has-post-thumbnail","hentry","category-artigos-policiais","category-policial"],"_links":{"self":[{"href":"https:\/\/diarioregionaldigital.com.br\/index.php?rest_route=\/wp\/v2\/posts\/186279","targetHints":{"allow":["GET"]}}],"collection":[{"href":"https:\/\/diarioregionaldigital.com.br\/index.php?rest_route=\/wp\/v2\/posts"}],"about":[{"href":"https:\/\/diarioregionaldigital.com.br\/index.php?rest_route=\/wp\/v2\/types\/post"}],"author":[{"embeddable":true,"href":"https:\/\/diarioregionaldigital.com.br\/index.php?rest_route=\/wp\/v2\/users\/246"}],"replies":[{"embeddable":true,"href":"https:\/\/diarioregionaldigital.com.br\/index.php?rest_route=%2Fwp%2Fv2%2Fcomments&post=186279"}],"version-history":[{"count":1,"href":"https:\/\/diarioregionaldigital.com.br\/index.php?rest_route=\/wp\/v2\/posts\/186279\/revisions"}],"predecessor-version":[{"id":186281,"href":"https:\/\/diarioregionaldigital.com.br\/index.php?rest_route=\/wp\/v2\/posts\/186279\/revisions\/186281"}],"wp:featuredmedia":[{"embeddable":true,"href":"https:\/\/diarioregionaldigital.com.br\/index.php?rest_route=\/wp\/v2\/media\/186280"}],"wp:attachment":[{"href":"https:\/\/diarioregionaldigital.com.br\/index.php?rest_route=%2Fwp%2Fv2%2Fmedia&parent=186279"}],"wp:term":[{"taxonomy":"category","embeddable":true,"href":"https:\/\/diarioregionaldigital.com.br\/index.php?rest_route=%2Fwp%2Fv2%2Fcategories&post=186279"},{"taxonomy":"post_tag","embeddable":true,"href":"https:\/\/diarioregionaldigital.com.br\/index.php?rest_route=%2Fwp%2Fv2%2Ftags&post=186279"}],"curies":[{"name":"wp","href":"https:\/\/api.w.org\/{rel}","templated":true}]}}