{"id":186269,"date":"2021-08-03T09:46:51","date_gmt":"2021-08-03T12:46:51","guid":{"rendered":"https:\/\/diarioregionaldigital.com.br\/?p=186269"},"modified":"2021-08-03T09:46:51","modified_gmt":"2021-08-03T12:46:51","slug":"policia-militar-apreende-menores-infratores-com-droga-no-bairro-sao-judas-tadeu","status":"publish","type":"post","link":"https:\/\/diarioregionaldigital.com.br\/?p=186269","title":{"rendered":"Pol\u00edcia Militar apreende menores infratores com droga no bairro S\u00e3o Judas Tadeu"},"content":{"rendered":"<p>Na noite de segunda-feira, 02ago21 por volta das 21h24min, durante desencadeamento de Opera\u00e7\u00e3o Batida Policial pela Pol\u00edcia Militar, um ve\u00edculo WV\/Gol suspeito foi abordado na Rua Jos\u00e9 Paulino Sobrinho no bairro S\u00e3o Judas Tadeu com dois ocupantes al\u00e9m do condutor. Segundo informa\u00e7\u00e3o do motorista de aplicativo tinha sido solicitado uma corrida do bairro Vila Esperan\u00e7a II at\u00e9 o bairro S\u00e3o Judas Tadeu. Os passageiros, ao verem os militares arremessaram ao solo um inv\u00f3lucro contendo R$ 62,00 em moeda corrente e uma barra prensada de coca\u00edna. Os menores infratores (16 e 17 anos) foram apreendidos e conduzidos \u00e0 Delegacia acompanhados pelos respons\u00e1veis.<\/p>\n","protected":false},"excerpt":{"rendered":"<p>Na noite de segunda-feira, 02ago21 por volta das 21h24min, durante desencadeamento de Opera\u00e7\u00e3o Batida Policial pela Pol\u00edcia Militar, um ve\u00edculo WV\/Gol suspeito foi abordado na Rua Jos\u00e9 Paulino Sobrinho no bairro S\u00e3o Judas Tadeu com dois ocupantes al\u00e9m do condutor. Segundo informa\u00e7\u00e3o do motorista de aplicativo tinha sido solicitado uma corrida do bairro Vila Esperan\u00e7a [&hellip;]<\/p>\n","protected":false},"author":246,"featured_media":186270,"comment_status":"closed","ping_status":"closed","sticky":false,"template":"","format":"standard","meta":{"footnotes":""},"categories":[301,1229],"tags":[],"class_list":["post-186269","post","type-post","status-publish","format-standard","has-post-thumbnail","hentry","category-artigos-policiais","category-policial"],"_links":{"self":[{"href":"https:\/\/diarioregionaldigital.com.br\/index.php?rest_route=\/wp\/v2\/posts\/186269","targetHints":{"allow":["GET"]}}],"collection":[{"href":"https:\/\/diarioregionaldigital.com.br\/index.php?rest_route=\/wp\/v2\/posts"}],"about":[{"href":"https:\/\/diarioregionaldigital.com.br\/index.php?rest_route=\/wp\/v2\/types\/post"}],"author":[{"embeddable":true,"href":"https:\/\/diarioregionaldigital.com.br\/index.php?rest_route=\/wp\/v2\/users\/246"}],"replies":[{"embeddable":true,"href":"https:\/\/diarioregionaldigital.com.br\/index.php?rest_route=%2Fwp%2Fv2%2Fcomments&post=186269"}],"version-history":[{"count":1,"href":"https:\/\/diarioregionaldigital.com.br\/index.php?rest_route=\/wp\/v2\/posts\/186269\/revisions"}],"predecessor-version":[{"id":186271,"href":"https:\/\/diarioregionaldigital.com.br\/index.php?rest_route=\/wp\/v2\/posts\/186269\/revisions\/186271"}],"wp:featuredmedia":[{"embeddable":true,"href":"https:\/\/diarioregionaldigital.com.br\/index.php?rest_route=\/wp\/v2\/media\/186270"}],"wp:attachment":[{"href":"https:\/\/diarioregionaldigital.com.br\/index.php?rest_route=%2Fwp%2Fv2%2Fmedia&parent=186269"}],"wp:term":[{"taxonomy":"category","embeddable":true,"href":"https:\/\/diarioregionaldigital.com.br\/index.php?rest_route=%2Fwp%2Fv2%2Fcategories&post=186269"},{"taxonomy":"post_tag","embeddable":true,"href":"https:\/\/diarioregionaldigital.com.br\/index.php?rest_route=%2Fwp%2Fv2%2Ftags&post=186269"}],"curies":[{"name":"wp","href":"https:\/\/api.w.org\/{rel}","templated":true}]}}