{"id":186266,"date":"2021-08-03T09:43:07","date_gmt":"2021-08-03T12:43:07","guid":{"rendered":"https:\/\/diarioregionaldigital.com.br\/?p=186266"},"modified":"2021-08-03T09:43:07","modified_gmt":"2021-08-03T12:43:07","slug":"policia-militar-prende-autores-por-trafico-de-drogas-durante-operacao-no-bairro-vitorino-braga","status":"publish","type":"post","link":"https:\/\/diarioregionaldigital.com.br\/?p=186266","title":{"rendered":"Pol\u00edcia Militar prende autores por tr\u00e1fico de drogas durante Opera\u00e7\u00e3o no bairro Vitorino Braga"},"content":{"rendered":"<p>Na tarde de segunda-feira, 02ago21 por volta das 17h00min, durante desencadeamento de Opera\u00e7\u00e3o Policial pela Pol\u00edcia Militar, as guarni\u00e7\u00f5es se deslocaram at\u00e9 uma resid\u00eancia abandonada localizada na Rua Ademir Pedretti dos Santos no bairro Vitorino Braga para verifica\u00e7\u00e3o de den\u00fancia referente ao tr\u00e1fico de drogas que estaria acontecendo. No local o fato foi confirmado e dois suspeitos abordados. Realizadas as buscas foram apreendidas 180 pedras de crack, 05 por\u00e7\u00f5es de maconha, 01 inv\u00f3lucro com sacol\u00e9s para embalar a droga, R$ 16,00 em dinheiro, 01 rolo pl\u00e1stico film, 01 gilete, 04 celulares e 01 campainha eletr\u00f4nica. Os autores (18 e 28 anos de idade) foram presos e conduzidos \u00e0 Delegacia juntamente com os materiais apreendidos.<\/p>\n","protected":false},"excerpt":{"rendered":"<p>Na tarde de segunda-feira, 02ago21 por volta das 17h00min, durante desencadeamento de Opera\u00e7\u00e3o Policial pela Pol\u00edcia Militar, as guarni\u00e7\u00f5es se deslocaram at\u00e9 uma resid\u00eancia abandonada localizada na Rua Ademir Pedretti dos Santos no bairro Vitorino Braga para verifica\u00e7\u00e3o de den\u00fancia referente ao tr\u00e1fico de drogas que estaria acontecendo. No local o fato foi confirmado e [&hellip;]<\/p>\n","protected":false},"author":246,"featured_media":186267,"comment_status":"closed","ping_status":"closed","sticky":false,"template":"","format":"standard","meta":{"footnotes":""},"categories":[301,1229],"tags":[],"class_list":["post-186266","post","type-post","status-publish","format-standard","has-post-thumbnail","hentry","category-artigos-policiais","category-policial"],"_links":{"self":[{"href":"https:\/\/diarioregionaldigital.com.br\/index.php?rest_route=\/wp\/v2\/posts\/186266","targetHints":{"allow":["GET"]}}],"collection":[{"href":"https:\/\/diarioregionaldigital.com.br\/index.php?rest_route=\/wp\/v2\/posts"}],"about":[{"href":"https:\/\/diarioregionaldigital.com.br\/index.php?rest_route=\/wp\/v2\/types\/post"}],"author":[{"embeddable":true,"href":"https:\/\/diarioregionaldigital.com.br\/index.php?rest_route=\/wp\/v2\/users\/246"}],"replies":[{"embeddable":true,"href":"https:\/\/diarioregionaldigital.com.br\/index.php?rest_route=%2Fwp%2Fv2%2Fcomments&post=186266"}],"version-history":[{"count":1,"href":"https:\/\/diarioregionaldigital.com.br\/index.php?rest_route=\/wp\/v2\/posts\/186266\/revisions"}],"predecessor-version":[{"id":186268,"href":"https:\/\/diarioregionaldigital.com.br\/index.php?rest_route=\/wp\/v2\/posts\/186266\/revisions\/186268"}],"wp:featuredmedia":[{"embeddable":true,"href":"https:\/\/diarioregionaldigital.com.br\/index.php?rest_route=\/wp\/v2\/media\/186267"}],"wp:attachment":[{"href":"https:\/\/diarioregionaldigital.com.br\/index.php?rest_route=%2Fwp%2Fv2%2Fmedia&parent=186266"}],"wp:term":[{"taxonomy":"category","embeddable":true,"href":"https:\/\/diarioregionaldigital.com.br\/index.php?rest_route=%2Fwp%2Fv2%2Fcategories&post=186266"},{"taxonomy":"post_tag","embeddable":true,"href":"https:\/\/diarioregionaldigital.com.br\/index.php?rest_route=%2Fwp%2Fv2%2Ftags&post=186266"}],"curies":[{"name":"wp","href":"https:\/\/api.w.org\/{rel}","templated":true}]}}