{"id":186257,"date":"2021-08-02T19:30:14","date_gmt":"2021-08-02T22:30:14","guid":{"rendered":"https:\/\/diarioregionaldigital.com.br\/?p=186257"},"modified":"2021-08-02T19:30:14","modified_gmt":"2021-08-02T22:30:14","slug":"operacao-boniteza-atua-em-cinco-bairros-da-cidade","status":"publish","type":"post","link":"https:\/\/diarioregionaldigital.com.br\/?p=186257","title":{"rendered":"Opera\u00e7\u00e3o Boniteza atua em cinco bairros da cidade"},"content":{"rendered":"<p>Dando in\u00edcio \u00e0s a\u00e7\u00f5es semanais da Opera\u00e7\u00e3o Boniteza da Prefeitura de Juiz de Fora (PJF), servidores do Departamento de Parques e Jardins da Empresa Municipal de Pavimenta\u00e7\u00e3o e Urbaniza\u00e7\u00e3o (Empav) realizam nesta segunda-feira, 2, servi\u00e7os de zeladoria em cinco bairros do munic\u00edpio. Segundo informa\u00e7\u00f5es do site da Prefeitura de Juiz de Fora, no m\u00eas de julho, equipes atuaram em 75 localidades. Aeroporto, Aracy, Ara\u00fajo, Bom Pastor, Carlos Chagas, Centro, Costa Carvalho, Cidade do Sol, Dom Bosco, Estrela Sul, Grama, Industrial, Paineiras, Santa Catarina e Vitorino Braga foram alguns dos bairros atendidos pelas equipes da Empav.<\/p>\n<p>Os servi\u00e7os de manuten\u00e7\u00e3o e coleta s\u00e3o realizados na Avenida Engenheiro Valdir Pedro Monachesi, bairro Aeroporto; Escola Municipal Vereador Raymundo Hargreaves, no bairro Bom Jardim, e Escola Municipal Tancredo Neves, localizada no S\u00e3o Pedro. J\u00e1 as a\u00e7\u00f5es de poda e levantamento continuam na Avenida Brasil, no Po\u00e7o Rico. Al\u00e9m disso, servidores tamb\u00e9m realizam os servi\u00e7os de poda na Escola Municipal Cosette de Alencar, no Santa Catarina e na Rua Jos\u00e9 Louren\u00e7o Kelmer, no S\u00e3o Pedro.<\/p>\n<p>Para solicitar estes e outros servi\u00e7os, entre em contato com o Gabinete de A\u00e7\u00e3o e Di\u00e1logo Comunit\u00e1rio que recebe e organiza pedidos relativos a interven\u00e7\u00f5es e melhorias urbanas. O contato pode ser feito atrav\u00e9s de liga\u00e7\u00e3o telef\u00f4nica pelo n\u00famero (32) 3690-7241 ou via WhatsApp, utilizando o mesmo n\u00famero.<\/p>\n","protected":false},"excerpt":{"rendered":"<p>Dando in\u00edcio \u00e0s a\u00e7\u00f5es semanais da Opera\u00e7\u00e3o Boniteza da Prefeitura de Juiz de Fora (PJF), servidores do Departamento de Parques e Jardins da Empresa Municipal de Pavimenta\u00e7\u00e3o e Urbaniza\u00e7\u00e3o (Empav) realizam nesta segunda-feira, 2, servi\u00e7os de zeladoria em cinco bairros do munic\u00edpio. Segundo informa\u00e7\u00f5es do site da Prefeitura de Juiz de Fora, no m\u00eas de [&hellip;]<\/p>\n","protected":false},"author":246,"featured_media":186258,"comment_status":"closed","ping_status":"closed","sticky":false,"template":"","format":"standard","meta":{"footnotes":""},"categories":[253,436,439],"tags":[],"class_list":["post-186257","post","type-post","status-publish","format-standard","has-post-thumbnail","hentry","category-cidade","category-destaque-da-semana","category-ultima-hora"],"_links":{"self":[{"href":"https:\/\/diarioregionaldigital.com.br\/index.php?rest_route=\/wp\/v2\/posts\/186257","targetHints":{"allow":["GET"]}}],"collection":[{"href":"https:\/\/diarioregionaldigital.com.br\/index.php?rest_route=\/wp\/v2\/posts"}],"about":[{"href":"https:\/\/diarioregionaldigital.com.br\/index.php?rest_route=\/wp\/v2\/types\/post"}],"author":[{"embeddable":true,"href":"https:\/\/diarioregionaldigital.com.br\/index.php?rest_route=\/wp\/v2\/users\/246"}],"replies":[{"embeddable":true,"href":"https:\/\/diarioregionaldigital.com.br\/index.php?rest_route=%2Fwp%2Fv2%2Fcomments&post=186257"}],"version-history":[{"count":1,"href":"https:\/\/diarioregionaldigital.com.br\/index.php?rest_route=\/wp\/v2\/posts\/186257\/revisions"}],"predecessor-version":[{"id":186259,"href":"https:\/\/diarioregionaldigital.com.br\/index.php?rest_route=\/wp\/v2\/posts\/186257\/revisions\/186259"}],"wp:featuredmedia":[{"embeddable":true,"href":"https:\/\/diarioregionaldigital.com.br\/index.php?rest_route=\/wp\/v2\/media\/186258"}],"wp:attachment":[{"href":"https:\/\/diarioregionaldigital.com.br\/index.php?rest_route=%2Fwp%2Fv2%2Fmedia&parent=186257"}],"wp:term":[{"taxonomy":"category","embeddable":true,"href":"https:\/\/diarioregionaldigital.com.br\/index.php?rest_route=%2Fwp%2Fv2%2Fcategories&post=186257"},{"taxonomy":"post_tag","embeddable":true,"href":"https:\/\/diarioregionaldigital.com.br\/index.php?rest_route=%2Fwp%2Fv2%2Ftags&post=186257"}],"curies":[{"name":"wp","href":"https:\/\/api.w.org\/{rel}","templated":true}]}}