{"id":186254,"date":"2021-08-02T19:25:31","date_gmt":"2021-08-02T22:25:31","guid":{"rendered":"https:\/\/diarioregionaldigital.com.br\/?p=186254"},"modified":"2021-08-02T19:25:31","modified_gmt":"2021-08-02T22:25:31","slug":"guarda-municipal-encerra-mes-de-julho-recolhendo-oito-animais","status":"publish","type":"post","link":"https:\/\/diarioregionaldigital.com.br\/?p=186254","title":{"rendered":"Guarda Municipal encerra m\u00eas de julho recolhendo oito animais"},"content":{"rendered":"<p>A equipe da Guarda Municipal, treinada para a conten\u00e7\u00e3o de animais silvestres, est\u00e1 encerrando o m\u00eas de julho com oito recolhimentos em v\u00e1rios bairros da cidade. Bosque do Imperador, S\u00e3o Dimas, J\u00f3quei Club, Santa Cec\u00edlia, Bom Pastor e Manoel Hon\u00f3rio foram os locais nos quais duas maritacas, um gavi\u00e3o, um urubu e quatro gamb\u00e1s que se encontravam desorientados ou feridos foram atendidos. Segundo informa\u00e7\u00f5es do site da Prefeitura de Juiz de Fora, o \u00faltimo recolhimento feito no Manoel Hon\u00f3rio, na quinta-feira, 29, tr\u00eas gamb\u00e1s se encontravam dentro de uma mesma gaveta numa garagem de um pr\u00e9dio.<\/p>\n<p>Os animais capturados pela Guarda Municipal s\u00e3o transportados em condi\u00e7\u00f5es de cuidados para a prote\u00e7\u00e3o de sua integridade f\u00edsica. Eles s\u00e3o encaminhados ao Centro de Triagem de Animais Silvestres (Cetas) do Instituto Brasileiro de Meio Ambiente (Ibama), para avalia\u00e7\u00e3o veterin\u00e1ria, tendo garantia de atendimento adequado, antes de ser dado prosseguimento \u00e0 reinser\u00e7\u00e3o ao meio ambiente.<\/p>\n<p>A popula\u00e7\u00e3o pode solicitar apoio da Guarda para a conten\u00e7\u00e3o de animais na \u00e1rea urbana, ligando para o telefone 153, no hor\u00e1rio das 8h \u00e0s 18h. Como a atividade acontece paralelamente \u00e0s demais a\u00e7\u00f5es das equipes, o atendimento segue alguns crit\u00e9rios como a dificuldade do animal retornar ao seu habitat ou o perigo que possa estar oferecendo \u00e0 vida das pessoas.<\/p>\n<p>Recentemente, integrantes da equipe de prote\u00e7\u00e3o ambiental foram treinados para o manejo de animais silvestres, em capacita\u00e7\u00e3o realizada em parceria com a 4\u00aa Companhia de Pol\u00edcia de Meio Ambiente e o Cetas. Em refor\u00e7o das a\u00e7\u00f5es, a GM ganhou equipamentos novos que est\u00e3o sendo utilizados nas opera\u00e7\u00f5es de conten\u00e7\u00e3o e transporte das diferentes esp\u00e9cies encontradas.<\/p>\n","protected":false},"excerpt":{"rendered":"<p>A equipe da Guarda Municipal, treinada para a conten\u00e7\u00e3o de animais silvestres, est\u00e1 encerrando o m\u00eas de julho com oito recolhimentos em v\u00e1rios bairros da cidade. Bosque do Imperador, S\u00e3o Dimas, J\u00f3quei Club, Santa Cec\u00edlia, Bom Pastor e Manoel Hon\u00f3rio foram os locais nos quais duas maritacas, um gavi\u00e3o, um urubu e quatro gamb\u00e1s que [&hellip;]<\/p>\n","protected":false},"author":246,"featured_media":186255,"comment_status":"closed","ping_status":"closed","sticky":false,"template":"","format":"standard","meta":{"footnotes":""},"categories":[253,436,439],"tags":[],"class_list":["post-186254","post","type-post","status-publish","format-standard","has-post-thumbnail","hentry","category-cidade","category-destaque-da-semana","category-ultima-hora"],"_links":{"self":[{"href":"https:\/\/diarioregionaldigital.com.br\/index.php?rest_route=\/wp\/v2\/posts\/186254","targetHints":{"allow":["GET"]}}],"collection":[{"href":"https:\/\/diarioregionaldigital.com.br\/index.php?rest_route=\/wp\/v2\/posts"}],"about":[{"href":"https:\/\/diarioregionaldigital.com.br\/index.php?rest_route=\/wp\/v2\/types\/post"}],"author":[{"embeddable":true,"href":"https:\/\/diarioregionaldigital.com.br\/index.php?rest_route=\/wp\/v2\/users\/246"}],"replies":[{"embeddable":true,"href":"https:\/\/diarioregionaldigital.com.br\/index.php?rest_route=%2Fwp%2Fv2%2Fcomments&post=186254"}],"version-history":[{"count":1,"href":"https:\/\/diarioregionaldigital.com.br\/index.php?rest_route=\/wp\/v2\/posts\/186254\/revisions"}],"predecessor-version":[{"id":186256,"href":"https:\/\/diarioregionaldigital.com.br\/index.php?rest_route=\/wp\/v2\/posts\/186254\/revisions\/186256"}],"wp:featuredmedia":[{"embeddable":true,"href":"https:\/\/diarioregionaldigital.com.br\/index.php?rest_route=\/wp\/v2\/media\/186255"}],"wp:attachment":[{"href":"https:\/\/diarioregionaldigital.com.br\/index.php?rest_route=%2Fwp%2Fv2%2Fmedia&parent=186254"}],"wp:term":[{"taxonomy":"category","embeddable":true,"href":"https:\/\/diarioregionaldigital.com.br\/index.php?rest_route=%2Fwp%2Fv2%2Fcategories&post=186254"},{"taxonomy":"post_tag","embeddable":true,"href":"https:\/\/diarioregionaldigital.com.br\/index.php?rest_route=%2Fwp%2Fv2%2Ftags&post=186254"}],"curies":[{"name":"wp","href":"https:\/\/api.w.org\/{rel}","templated":true}]}}