{"id":186248,"date":"2021-08-02T19:19:36","date_gmt":"2021-08-02T22:19:36","guid":{"rendered":"https:\/\/diarioregionaldigital.com.br\/?p=186248"},"modified":"2021-08-02T19:19:36","modified_gmt":"2021-08-02T22:19:36","slug":"organizadores-de-festa-sao-multados-em-r-20-mil-por-evento-com-aglomeracao","status":"publish","type":"post","link":"https:\/\/diarioregionaldigital.com.br\/?p=186248","title":{"rendered":"Organizadores de festa s\u00e3o multados em R$ 20 mil por evento com aglomera\u00e7\u00e3o"},"content":{"rendered":"<p>A opera\u00e7\u00e3o Fiscaliza\u00e7\u00e3o pela Vida multou em R$ 20 mil os organizadores de duas festas realizadas no final de semana, por ter sido constatada aglomera\u00e7\u00e3o. Segundo informa\u00e7\u00f5es do site da Prefeitura de Juiz de Fora, as autua\u00e7\u00f5es ocorreram no s\u00e1bado, dia 31, em evento realizado em uma granja no bairro Filgueiras e tamb\u00e9m no domingo, no bairro Vila Alpina.<\/p>\n<p>A atua\u00e7\u00e3o atende a Lei 14.220\/21, criada em 23 de julho, que determina a aplica\u00e7\u00e3o de multa a qualquer evento ou festa de qualquer natureza que esteja em desconformidade com as regras estipuladas pelo Programa Juiz de Fora pela Vida. Pela regra, est\u00e3o enquadradas as reuni\u00f5es acima de 80 pessoas. Entre a noite de sexta-feira, 30, e de domingo, 1\u00ba, 153 estabelecimentos foram vistoriados pela opera\u00e7\u00e3o \u201cFiscaliza\u00e7\u00e3o pela Vida\u201d. Ao todo, foram emitidos tr\u00eas autos de notifica\u00e7\u00e3o e tr\u00eas autos de infra\u00e7\u00e3o para estabelecimentos que descumpriram os protocolos sanit\u00e1rios de combate \u00e0 Covid-19.<\/p>\n<p>Na quinta-feira, dia 29, foram vistoriados 55 estabelecimentos, resultando na emiss\u00e3o de tr\u00eas documentos de notifica\u00e7\u00e3o e tr\u00eas autos de infra\u00e7\u00e3o para estabelecimentos que descumpriram as regras.<\/p>\n<p>A opera\u00e7\u00e3o \u201cFiscaliza\u00e7\u00e3o pela Vida\u201d \u00e9 uma atua\u00e7\u00e3o conjunta dos fiscais de posturas da Secretaria de Sustentabilidade em Meio Ambiente e Atividades Urbanas (Sesmaur); dos guardas municipais da Secretaria de Seguran\u00e7a Urbana e Cidadania (Sesuc); dos agentes de transporte e tr\u00e2nsito da Secretaria de Mobilidade Urbana (SMU), do Procon e da Pol\u00edcia Militar de Minas Gerais (PMMG). A a\u00e7\u00e3o \u00e9 coordenada pela secret\u00e1ria de Governo, Cidinha Louzada.<\/p>\n","protected":false},"excerpt":{"rendered":"<p>A opera\u00e7\u00e3o Fiscaliza\u00e7\u00e3o pela Vida multou em R$ 20 mil os organizadores de duas festas realizadas no final de semana, por ter sido constatada aglomera\u00e7\u00e3o. Segundo informa\u00e7\u00f5es do site da Prefeitura de Juiz de Fora, as autua\u00e7\u00f5es ocorreram no s\u00e1bado, dia 31, em evento realizado em uma granja no bairro Filgueiras e tamb\u00e9m no domingo, [&hellip;]<\/p>\n","protected":false},"author":246,"featured_media":186249,"comment_status":"closed","ping_status":"closed","sticky":false,"template":"","format":"standard","meta":{"footnotes":""},"categories":[253,440,439],"tags":[],"class_list":["post-186248","post","type-post","status-publish","format-standard","has-post-thumbnail","hentry","category-cidade","category-destaques-do-dia","category-ultima-hora"],"_links":{"self":[{"href":"https:\/\/diarioregionaldigital.com.br\/index.php?rest_route=\/wp\/v2\/posts\/186248","targetHints":{"allow":["GET"]}}],"collection":[{"href":"https:\/\/diarioregionaldigital.com.br\/index.php?rest_route=\/wp\/v2\/posts"}],"about":[{"href":"https:\/\/diarioregionaldigital.com.br\/index.php?rest_route=\/wp\/v2\/types\/post"}],"author":[{"embeddable":true,"href":"https:\/\/diarioregionaldigital.com.br\/index.php?rest_route=\/wp\/v2\/users\/246"}],"replies":[{"embeddable":true,"href":"https:\/\/diarioregionaldigital.com.br\/index.php?rest_route=%2Fwp%2Fv2%2Fcomments&post=186248"}],"version-history":[{"count":1,"href":"https:\/\/diarioregionaldigital.com.br\/index.php?rest_route=\/wp\/v2\/posts\/186248\/revisions"}],"predecessor-version":[{"id":186250,"href":"https:\/\/diarioregionaldigital.com.br\/index.php?rest_route=\/wp\/v2\/posts\/186248\/revisions\/186250"}],"wp:featuredmedia":[{"embeddable":true,"href":"https:\/\/diarioregionaldigital.com.br\/index.php?rest_route=\/wp\/v2\/media\/186249"}],"wp:attachment":[{"href":"https:\/\/diarioregionaldigital.com.br\/index.php?rest_route=%2Fwp%2Fv2%2Fmedia&parent=186248"}],"wp:term":[{"taxonomy":"category","embeddable":true,"href":"https:\/\/diarioregionaldigital.com.br\/index.php?rest_route=%2Fwp%2Fv2%2Fcategories&post=186248"},{"taxonomy":"post_tag","embeddable":true,"href":"https:\/\/diarioregionaldigital.com.br\/index.php?rest_route=%2Fwp%2Fv2%2Ftags&post=186248"}],"curies":[{"name":"wp","href":"https:\/\/api.w.org\/{rel}","templated":true}]}}