{"id":186245,"date":"2021-08-02T19:03:25","date_gmt":"2021-08-02T22:03:25","guid":{"rendered":"https:\/\/diarioregionaldigital.com.br\/?p=186245"},"modified":"2021-08-02T19:03:25","modified_gmt":"2021-08-02T22:03:25","slug":"neozelandesa-faz-historia-como-primeira-atleta-olimpica-transgenero","status":"publish","type":"post","link":"https:\/\/diarioregionaldigital.com.br\/?p=186245","title":{"rendered":"Neozelandesa faz hist\u00f3ria como primeira atleta ol\u00edmpica transg\u00eanero"},"content":{"rendered":"<p>A neozelandesa Laurel Hubbard fez hist\u00f3ria nesta segunda-feira (2) ao se tornar a primeira atleta transg\u00eanero a competir em uma Olimp\u00edada, mas sofreu uma elimina\u00e7\u00e3o precoce na final da prova feminina do levantamento de peso depois de tr\u00eas tentativas fracassadas.<img decoding=\"async\" src=\"https:\/\/agenciabrasil.ebc.com.br\/ebc.png?id=1417099&amp;o=node\" \/><img decoding=\"async\" src=\"https:\/\/agenciabrasil.ebc.com.br\/ebc.gif?id=1417099&amp;o=node\" \/><\/p>\n<p>Aos 43 anos, Hubbard era a competidora mais velha da categoria 87kg em T\u00f3quio, onde sua inclus\u00e3o desencadeou um debate intenso sobre as condi\u00e7\u00f5es mais justas para as mulheres, a identifica\u00e7\u00e3o de g\u00eanero e a inclus\u00e3o.<\/p>\n<p>Hubbard nasceu homem e competiu no levantamento de peso no n\u00edvel juvenil. Ela fez a transi\u00e7\u00e3o de g\u00eanero oito anos atr\u00e1s, retomou o levantamento de peso e ganhou o direito de participar dos Jogos gra\u00e7as a um consenso de 2015 do Comit\u00ea Ol\u00edmpico Internacional (COI) que permitiu que atletas transg\u00eanero compitam em eventos femininos.<\/p>\n<p>Mas sua participa\u00e7\u00e3o hist\u00f3rica na competi\u00e7\u00e3o desta segunda-feira s\u00f3 durou 10 minutos, j\u00e1 que seus primeiros tr\u00eas esfor\u00e7os foram fracassados.<\/p>\n<p>Hubbard subiu no palco confiante, sorrindo em meio aos gritos de incentivo de uma arena oficialmente fechada a espectadores, mas acess\u00edvel a colegas atletas e com um enxame de jornalistas internacionais.<\/p>\n<p>&#8220;N\u00e3o estou inteiramente inconsciente da pol\u00eamica que cerca minha participa\u00e7\u00e3o nestes Jogos&#8221;, disse Hubbard aos rep\u00f3rteres. &#8220;E por isso, quero agradecer particularmente ao COI, pois acho que \u00e9 muito afirmativo seu compromisso com os princ\u00edpios do olimpismo e a demonstra\u00e7\u00e3o de que o esporte \u00e9 algo para todas as pessoas, que \u00e9 inclusivo e \u00e9 acess\u00edvel&#8221;.<\/p>\n<p><span style=\"font-weight: 400;\">Fonte: Ag\u00eancia Brasil <\/span><\/p>\n","protected":false},"excerpt":{"rendered":"<p>A neozelandesa Laurel Hubbard fez hist\u00f3ria nesta segunda-feira (2) ao se tornar a primeira atleta transg\u00eanero a competir em uma Olimp\u00edada, mas sofreu uma elimina\u00e7\u00e3o precoce na final da prova feminina do levantamento de peso depois de tr\u00eas tentativas fracassadas. Aos 43 anos, Hubbard era a competidora mais velha da categoria 87kg em T\u00f3quio, onde [&hellip;]<\/p>\n","protected":false},"author":246,"featured_media":186246,"comment_status":"closed","ping_status":"closed","sticky":false,"template":"","format":"standard","meta":{"footnotes":""},"categories":[436,257,439],"tags":[],"class_list":["post-186245","post","type-post","status-publish","format-standard","has-post-thumbnail","hentry","category-destaque-da-semana","category-esporte","category-ultima-hora"],"_links":{"self":[{"href":"https:\/\/diarioregionaldigital.com.br\/index.php?rest_route=\/wp\/v2\/posts\/186245","targetHints":{"allow":["GET"]}}],"collection":[{"href":"https:\/\/diarioregionaldigital.com.br\/index.php?rest_route=\/wp\/v2\/posts"}],"about":[{"href":"https:\/\/diarioregionaldigital.com.br\/index.php?rest_route=\/wp\/v2\/types\/post"}],"author":[{"embeddable":true,"href":"https:\/\/diarioregionaldigital.com.br\/index.php?rest_route=\/wp\/v2\/users\/246"}],"replies":[{"embeddable":true,"href":"https:\/\/diarioregionaldigital.com.br\/index.php?rest_route=%2Fwp%2Fv2%2Fcomments&post=186245"}],"version-history":[{"count":1,"href":"https:\/\/diarioregionaldigital.com.br\/index.php?rest_route=\/wp\/v2\/posts\/186245\/revisions"}],"predecessor-version":[{"id":186247,"href":"https:\/\/diarioregionaldigital.com.br\/index.php?rest_route=\/wp\/v2\/posts\/186245\/revisions\/186247"}],"wp:featuredmedia":[{"embeddable":true,"href":"https:\/\/diarioregionaldigital.com.br\/index.php?rest_route=\/wp\/v2\/media\/186246"}],"wp:attachment":[{"href":"https:\/\/diarioregionaldigital.com.br\/index.php?rest_route=%2Fwp%2Fv2%2Fmedia&parent=186245"}],"wp:term":[{"taxonomy":"category","embeddable":true,"href":"https:\/\/diarioregionaldigital.com.br\/index.php?rest_route=%2Fwp%2Fv2%2Fcategories&post=186245"},{"taxonomy":"post_tag","embeddable":true,"href":"https:\/\/diarioregionaldigital.com.br\/index.php?rest_route=%2Fwp%2Fv2%2Ftags&post=186245"}],"curies":[{"name":"wp","href":"https:\/\/api.w.org\/{rel}","templated":true}]}}