{"id":186236,"date":"2021-08-02T18:54:32","date_gmt":"2021-08-02T21:54:32","guid":{"rendered":"https:\/\/diarioregionaldigital.com.br\/?p=186236"},"modified":"2021-08-02T18:54:32","modified_gmt":"2021-08-02T21:54:32","slug":"volei-feminino-e-destaque-do-dia-na-olimpiada-2020","status":"publish","type":"post","link":"https:\/\/diarioregionaldigital.com.br\/?p=186236","title":{"rendered":"V\u00f4lei feminino \u00e9 destaque do dia na Olimp\u00edada 2020"},"content":{"rendered":"<p><strong>V\u00f4lei feminino<\/strong><\/p>\n<p>Invicta na Olimp\u00edada, a sele\u00e7\u00e3o brasileira de v\u00f4lei feminino venceu nesta\u00a0segunda-feira (2) o Qu\u00eania por 3 sets a 0, com parciais de 25\/10, 25\/16 e 25\/8. A partida foi realizada na Arena de Ariake, na capital T\u00f3quio. Com o triunfo, as brasileiras encerraram a fase de grupos na primeira posi\u00e7\u00e3o do Grupo A e, consequentemente, avan\u00e7aram \u00e0s quartas de final.<img decoding=\"async\" src=\"https:\/\/agenciabrasil.ebc.com.br\/ebc.png?id=1417068&amp;o=node\" \/><img decoding=\"async\" src=\"https:\/\/agenciabrasil.ebc.com.br\/ebc.gif?id=1417068&amp;o=node\" \/><\/p>\n<p>Na pr\u00f3xima fase, as brasileiras v\u00e3o enfrentar o Comit\u00ea Ol\u00edmpico Russo na\u00a0quarta-feira (4), em hor\u00e1rio a ser definido.<\/p>\n<p><strong>V\u00f4lei de praia<\/strong><\/p>\n<p>Alison e \u00c1lvaro Filho ser\u00e3o os representantes do Brasil nas quartas de final do v\u00f4lei de praia masculino na Olimp\u00edada de T\u00f3quio. A dupla avan\u00e7ou ap\u00f3s vit\u00f3ria sobre\u00a0os mexicanos Josue Gaxiola e Jose Rubio por 2 sets a 0, com parciais de 21\/14 e 21\/13, na manh\u00e3 de hoje, no\u00a0Parque Shiokaze, na capital japonesa.<\/p>\n<p>Nas quartas de final, \u00e0s 9h (hor\u00e1rio de Bras\u00edlia) da\u00a0pr\u00f3xima quarta (4), os brasileiros v\u00e3o encarar os let\u00f5es Martins\u00a0Plavins e\u00a0Edgars\u00a0Tocs, que eliminaram a outra dupla brasileira do torneio Bruno Schmidt e Evandro nas oitavas de final por 2 sets\u00a0a 0 (21\/19 e 21\/18).<\/p>\n<p><span style=\"font-weight: 400;\">Fonte: Ag\u00eancia Brasil <\/span><\/p>\n","protected":false},"excerpt":{"rendered":"<p>V\u00f4lei feminino Invicta na Olimp\u00edada, a sele\u00e7\u00e3o brasileira de v\u00f4lei feminino venceu nesta\u00a0segunda-feira (2) o Qu\u00eania por 3 sets a 0, com parciais de 25\/10, 25\/16 e 25\/8. A partida foi realizada na Arena de Ariake, na capital T\u00f3quio. Com o triunfo, as brasileiras encerraram a fase de grupos na primeira posi\u00e7\u00e3o do Grupo A [&hellip;]<\/p>\n","protected":false},"author":246,"featured_media":186237,"comment_status":"closed","ping_status":"closed","sticky":false,"template":"","format":"standard","meta":{"footnotes":""},"categories":[440,257,439],"tags":[],"class_list":["post-186236","post","type-post","status-publish","format-standard","has-post-thumbnail","hentry","category-destaques-do-dia","category-esporte","category-ultima-hora"],"_links":{"self":[{"href":"https:\/\/diarioregionaldigital.com.br\/index.php?rest_route=\/wp\/v2\/posts\/186236","targetHints":{"allow":["GET"]}}],"collection":[{"href":"https:\/\/diarioregionaldigital.com.br\/index.php?rest_route=\/wp\/v2\/posts"}],"about":[{"href":"https:\/\/diarioregionaldigital.com.br\/index.php?rest_route=\/wp\/v2\/types\/post"}],"author":[{"embeddable":true,"href":"https:\/\/diarioregionaldigital.com.br\/index.php?rest_route=\/wp\/v2\/users\/246"}],"replies":[{"embeddable":true,"href":"https:\/\/diarioregionaldigital.com.br\/index.php?rest_route=%2Fwp%2Fv2%2Fcomments&post=186236"}],"version-history":[{"count":1,"href":"https:\/\/diarioregionaldigital.com.br\/index.php?rest_route=\/wp\/v2\/posts\/186236\/revisions"}],"predecessor-version":[{"id":186238,"href":"https:\/\/diarioregionaldigital.com.br\/index.php?rest_route=\/wp\/v2\/posts\/186236\/revisions\/186238"}],"wp:featuredmedia":[{"embeddable":true,"href":"https:\/\/diarioregionaldigital.com.br\/index.php?rest_route=\/wp\/v2\/media\/186237"}],"wp:attachment":[{"href":"https:\/\/diarioregionaldigital.com.br\/index.php?rest_route=%2Fwp%2Fv2%2Fmedia&parent=186236"}],"wp:term":[{"taxonomy":"category","embeddable":true,"href":"https:\/\/diarioregionaldigital.com.br\/index.php?rest_route=%2Fwp%2Fv2%2Fcategories&post=186236"},{"taxonomy":"post_tag","embeddable":true,"href":"https:\/\/diarioregionaldigital.com.br\/index.php?rest_route=%2Fwp%2Fv2%2Ftags&post=186236"}],"curies":[{"name":"wp","href":"https:\/\/api.w.org\/{rel}","templated":true}]}}