{"id":186230,"date":"2021-08-02T18:43:08","date_gmt":"2021-08-02T21:43:08","guid":{"rendered":"https:\/\/diarioregionaldigital.com.br\/?p=186230"},"modified":"2021-08-02T18:43:08","modified_gmt":"2021-08-02T21:43:08","slug":"cemig-doa-insumos-para-vacinacao-para-425-municipios-mineiros","status":"publish","type":"post","link":"https:\/\/diarioregionaldigital.com.br\/?p=186230","title":{"rendered":"Cemig doa insumos para vacina\u00e7\u00e3o para 425 munic\u00edpios mineiros"},"content":{"rendered":"<p>Com o objetivo de apoiar e contribuir com o projeto Unidos pela Vacina, movimento que re\u00fane empresas, associa\u00e7\u00f5es, ONGs e entidades da sociedade civil com a finalidade de tornar vi\u00e1vel vacinar toda a popula\u00e7\u00e3o brasileira at\u00e9 setembro de 2021, a\u00a0<a href=\"https:\/\/www.cemig.com.br\/\" target=\"_blank\" rel=\"noopener noreferrer\">Cemig<\/a>\u00a0est\u00e1 doando insumos para 425 cidades mineiras, beneficiando cerca de 7 milh\u00f5es de habitantes residentes nessas cidades. Os equipamentos adquiridos ajudar\u00e3o na organiza\u00e7\u00e3o do processo de vacina\u00e7\u00e3o nesses locais.<\/p>\n<p>Para oficializar a entrega dessas doa\u00e7\u00f5es ao projeto, a Cemig promove, nesta segunda-feira (2\/8), \u00e0s 17h, uma live. Al\u00e9m dos representantes da companhia e outros convidados, o encontro on-line ter\u00e1 a presen\u00e7a da presidente do Grupo Mulheres do Brasil e Movimento Unidos pela Vacina, Luiza Helena Trajano. A transmiss\u00e3o ser\u00e1 pelo\u00a0<a href=\"https:\/\/www.youtube.com\/channel\/UC1J7vb-ch0I5SP6dmChSNVg\" target=\"_blank\" rel=\"noopener noreferrer\">canal Cemig Energia, no YouTube<\/a>.<\/p>\n<p>&#8220;Gra\u00e7as ao empenho de nossa equipe e \u00e0 parceria com o Unidos pela Vacina, conseguimos levar essas doa\u00e7\u00f5es a 425 cidades, mais de dez vezes o nosso plano inicial. A capilaridade da empresa, presente em 91% do territ\u00f3rio mineiro, permite que sejamos pontos focais nessa empreitada, o que nos traz muita satisfa\u00e7\u00e3o e engajamento no nosso prop\u00f3sito de transformar vidas com a nossa energia&#8221;, afirma o diretor-presidente da Cemig, Reynaldo Passanezi Filho.<\/p>\n<p>Al\u00e9m dos R$ 2,7 milh\u00f5es que est\u00e3o sendo investidos em insumos para os 425 munic\u00edpios mineiros, a Cemig tamb\u00e9m fez a inspe\u00e7\u00e3o e a manuten\u00e7\u00e3o nas redes de energia que atendem 738 hospitais e 1.326 centros de sa\u00fade. Foram destinados R$ 3,27 milh\u00f5es para garantir mais confiabilidade e qualidade de energia a esses locais de atendimento \u00e0 popula\u00e7\u00e3o.<\/p>\n<p><strong>Doa\u00e7\u00f5es<\/strong><\/p>\n<p>Cada cidade receber\u00e1, no m\u00ednimo, uma geladeira do tipo frost free (ideal para o armazenamento de vacinas e produ\u00e7\u00e3o de gelo) com capacidade superior a 300 litros, uma caixa t\u00e9rmica de poliuretano de 15 litros com term\u00f4metro acoplado \u2013 item essencial para transportar os imunizantes na temperatura correta \u2013 e quatro bobinas de gelo recicl\u00e1vel, sendo que todos os materiais seguem as especifica\u00e7\u00f5es recomendadas pelos \u00f3rg\u00e3os de sa\u00fade. Al\u00e9m desses equipamentos, c\u00e2maras frias, m\u00e1scaras e caixas coletoras tamb\u00e9m ser\u00e3o entregues a algumas cidades. Dos 425 munic\u00edpios contemplados, 375 j\u00e1 come\u00e7aram a receber pelo menos um dos itens que ser\u00e3o doados.<\/p>\n<p>Para a escolha dessas localidades, foram levados em conta tr\u00eas indicadores: munic\u00edpios que, naquele momento, ainda n\u00e3o haviam sido amadrinhados junto ao Unidos pela Vacina; IDH da localidade, priorizando os menores \u00edndices, e disponibilidade de leitos para interna\u00e7\u00e3o, segundo dados obtidos junto ao Minist\u00e9rio da Sa\u00fade.<\/p>\n<p><strong>Inspe\u00e7\u00f5es\u00a0<\/strong><\/p>\n<p>Al\u00e9m das doa\u00e7\u00f5es de insumos para 425 munic\u00edpios, a empresa tamb\u00e9m se preocupou com o fornecimento perene de energia el\u00e9trica aos locais de atendimento \u00e0 popula\u00e7\u00e3o. Para isso, inspecionou quase 24 mil quil\u00f4metros de redes em toda a sua \u00e1rea de concess\u00e3o, que abrange 774 munic\u00edpios, de forma a antecipar eventuais ocorr\u00eancias na rede el\u00e9trica.<\/p>\n<p>Com essa medida, foram diretamente beneficiados 738 hospitais e 1.326 centros e unidades de sa\u00fade com a realiza\u00e7\u00e3o de 24.099 manuten\u00e7\u00f5es preventivas em estruturas de rede e limpeza de 23.045 quil\u00f4metros de faixas de servid\u00e3o sob as redes. A Cemig tamb\u00e9m garantiu a poda de 37.466 \u00e1rvores que apresentavam risco de tocar os cabos el\u00e9tricos e causar interrup\u00e7\u00f5es de energia.<\/p>\n<p>As inspe\u00e7\u00f5es e as manuten\u00e7\u00f5es tamb\u00e9m trazem melhoria na qualidade da energia el\u00e9trica recebida pelos clientes. Comparando o ano de 2019, anterior \u00e0 cria\u00e7\u00e3o do programa, e os anos de 2020 \/ 2021, observa-se uma melhoria de 6% na dura\u00e7\u00e3o equivalente de interrup\u00e7\u00f5es (DEC) nesses munic\u00edpios, o que demonstra que estas a\u00e7\u00f5es, al\u00e9m de garantirem confiabilidade para hospitais e centros de sa\u00fade, trouxeram ganhos para toda a popula\u00e7\u00e3o.<\/p>\n<p>&#8220;De forma complementar \u00e0s demais a\u00e7\u00f5es, cadastramos todos os hospitais e os locais de vacina\u00e7\u00e3o como clientes especiais, agilizando novas liga\u00e7\u00f5es el\u00e9tricas em pontos de imuniza\u00e7\u00e3o provis\u00f3rios, sem cobrar pelo consumo da energia nestes espa\u00e7os e nos espec\u00edficos para vacina\u00e7\u00e3o, garantindo o fornecimento a estes locais&#8221;, ressalta Passanezi Filho. Nessa a\u00e7\u00e3o foram investidos R$ 3,27 milh\u00f5es.<\/p>\n<p><strong>Outras a\u00e7\u00f5es<\/strong><\/p>\n<p>Agindo tamb\u00e9m em outra frente, a Cemig est\u00e1 utilizando o verso da fatura de energia para veicular informa\u00e7\u00f5es, al\u00e9m de disponibilizar orienta\u00e7\u00f5es por meio de inser\u00e7\u00f5es em r\u00e1dios nas principais cidades mineiras, de maneira a incentivar a vacina\u00e7\u00e3o e fortalecer a import\u00e2ncia da segunda dose da vacina.<\/p>\n<p>Al\u00e9m disso, est\u00e1 atuando no suprimento de insumos, incluindo a doa\u00e7\u00e3o de materiais. At\u00e9 o momento, a Companhia j\u00e1 ofereceu 199 cilindros para reabastecimento com oxig\u00eanio em parceria com a Fiemg.<\/p>\n<p>Nos 75 munic\u00edpios onde a Cemig tem bases regionais, os im\u00f3veis est\u00e3o sendo disponibilizados para as prefeituras como potenciais pontos de vacina\u00e7\u00e3o. Ve\u00edculos e volunt\u00e1rios da companhia est\u00e3o dispon\u00edveis para atuar na log\u00edstica, tanto com transporte de insumos e de pessoas, como na organiza\u00e7\u00e3o dos locais de imuniza\u00e7\u00e3o, oferecendo suporte nos postos, entre outras a\u00e7\u00f5es. Juiz de Fora foi contemplado.<\/p>\n<p><span style=\"font-weight: 400;\">Fonte: Ag\u00eancia Brasil <\/span><\/p>\n","protected":false},"excerpt":{"rendered":"<p>Com o objetivo de apoiar e contribuir com o projeto Unidos pela Vacina, movimento que re\u00fane empresas, associa\u00e7\u00f5es, ONGs e entidades da sociedade civil com a finalidade de tornar vi\u00e1vel vacinar toda a popula\u00e7\u00e3o brasileira at\u00e9 setembro de 2021, a\u00a0Cemig\u00a0est\u00e1 doando insumos para 425 cidades mineiras, beneficiando cerca de 7 milh\u00f5es de habitantes residentes nessas [&hellip;]<\/p>\n","protected":false},"author":246,"featured_media":186231,"comment_status":"closed","ping_status":"closed","sticky":false,"template":"","format":"standard","meta":{"footnotes":""},"categories":[436,254,439],"tags":[],"class_list":["post-186230","post","type-post","status-publish","format-standard","has-post-thumbnail","hentry","category-destaque-da-semana","category-politica","category-ultima-hora"],"_links":{"self":[{"href":"https:\/\/diarioregionaldigital.com.br\/index.php?rest_route=\/wp\/v2\/posts\/186230","targetHints":{"allow":["GET"]}}],"collection":[{"href":"https:\/\/diarioregionaldigital.com.br\/index.php?rest_route=\/wp\/v2\/posts"}],"about":[{"href":"https:\/\/diarioregionaldigital.com.br\/index.php?rest_route=\/wp\/v2\/types\/post"}],"author":[{"embeddable":true,"href":"https:\/\/diarioregionaldigital.com.br\/index.php?rest_route=\/wp\/v2\/users\/246"}],"replies":[{"embeddable":true,"href":"https:\/\/diarioregionaldigital.com.br\/index.php?rest_route=%2Fwp%2Fv2%2Fcomments&post=186230"}],"version-history":[{"count":1,"href":"https:\/\/diarioregionaldigital.com.br\/index.php?rest_route=\/wp\/v2\/posts\/186230\/revisions"}],"predecessor-version":[{"id":186232,"href":"https:\/\/diarioregionaldigital.com.br\/index.php?rest_route=\/wp\/v2\/posts\/186230\/revisions\/186232"}],"wp:featuredmedia":[{"embeddable":true,"href":"https:\/\/diarioregionaldigital.com.br\/index.php?rest_route=\/wp\/v2\/media\/186231"}],"wp:attachment":[{"href":"https:\/\/diarioregionaldigital.com.br\/index.php?rest_route=%2Fwp%2Fv2%2Fmedia&parent=186230"}],"wp:term":[{"taxonomy":"category","embeddable":true,"href":"https:\/\/diarioregionaldigital.com.br\/index.php?rest_route=%2Fwp%2Fv2%2Fcategories&post=186230"},{"taxonomy":"post_tag","embeddable":true,"href":"https:\/\/diarioregionaldigital.com.br\/index.php?rest_route=%2Fwp%2Fv2%2Ftags&post=186230"}],"curies":[{"name":"wp","href":"https:\/\/api.w.org\/{rel}","templated":true}]}}