{"id":186227,"date":"2021-08-02T18:39:53","date_gmt":"2021-08-02T21:39:53","guid":{"rendered":"https:\/\/diarioregionaldigital.com.br\/?p=186227"},"modified":"2021-08-02T18:39:53","modified_gmt":"2021-08-02T21:39:53","slug":"ministro-do-meio-ambiente-se-reunira-com-presidente-da-cupula-do-clima","status":"publish","type":"post","link":"https:\/\/diarioregionaldigital.com.br\/?p=186227","title":{"rendered":"Ministro do Meio Ambiente se reunir\u00e1 com presidente da C\u00fapula do Clima"},"content":{"rendered":"<p>O Ministro do Meio Ambiente, Joaquim Leite, se reunir\u00e1 nesta quarta-feira (4) com o presidente da Confer\u00eancia das Na\u00e7\u00f5es Unidas sobre Mudan\u00e7as Clim\u00e1ticas de 2021 (Cop26), Alok Sharma, para\u00a0discutir\u00a0detalhes da participa\u00e7\u00e3o do Brasil no evento, em novembro, a ser realizado em Glasgow, Esc\u00f3cia.\u00a0<img decoding=\"async\" src=\"https:\/\/agenciabrasil.ebc.com.br\/ebc.png?id=1417096&amp;o=node\" \/><img decoding=\"async\" src=\"https:\/\/agenciabrasil.ebc.com.br\/ebc.gif?id=1417096&amp;o=node\" \/><\/p>\n<p>Na \u00faltima semana, Joaquim Leite afirmou, em reuni\u00e3o com ministros de cerca de 50 pa\u00edses, que a redu\u00e7\u00e3o de emiss\u00f5es deve ser acompanhada de pagamento por resultado previsto no Artigo\u00a05\u00aa do Acordo de Paris.<\/p>\n<p>Joaquim Leite participou de\u00a0encontro bilateral com o Enviado Especial da Presid\u00eancia dos Estados Unidos para o clima, John Kerry, no dia 25 de julho e reafirmou a posi\u00e7\u00e3o brasileira, al\u00e9m de\u00a0citar dificuldades no combate ao desmatamento ilegal na Amaz\u00f4nia brasileira. Segundo do ministro, a \u201cdespeito de seu potencial\u201d, j\u00e1 reconhecido pela Conven\u00e7\u00e3o-Quadro das Na\u00e7\u00f5es Unidas sobre a Mudan\u00e7a do Clima, o instrumento \u201cpermanece subutilizado por doadores e pa\u00edses desenvolvidos\u201d.<\/p>\n<p>Segundo nota informativa divulgada pelo Minist\u00e9rio do Meio Ambiente, o Ministro Joaquim Leite fez foi cr\u00edtico em rela\u00e7\u00e3o \u00e0 proposta de contribui\u00e7\u00e3o financeira dos Estados Unidos por meio de fundo de investimentos privado.<\/p>\n<p>Joaquim Leite teria afirmado que o engajamento do setor privado \u00e9 importante e deve ser estimulado, mas a coopera\u00e7\u00e3o deve ser via doa\u00e7\u00f5es governamentais p\u00fablicas, \u201ca serem canalizadas para pagamento por servi\u00e7os ambientais, a exemplo do Programa Floresta+ Amaz\u00f4nia, que, por exemplo, recebeu recursos via doa\u00e7\u00e3o do Fundo Verde para o Clima\u201d.<\/p>\n<p>Durante o encontro, o Brasil apoiou a proposta da \u00c1frica do Sul para aumentar a meta quantitativa de financiamento de clima e defendeu que quaisquer aumento\u00a0de ambi\u00e7\u00e3o deve\u00a0ser orientado\u00a0pelo \u201cprinc\u00edpio fundamental das responsabilidades comuns\u201d, ou seja, no caso de pa\u00edses em desenvolvimento. Nesse caso, o Brasil e outros pa\u00edses subdesenvolvidos, que possuem responsabilidade hist\u00f3rica menor em rela\u00e7\u00e3o \u00e0 mudan\u00e7a de clima, podem ser recompensados pelos pa\u00edses desenvolvidos com recursos financeiros e tecnol\u00f3gicos.<\/p>\n<p><span style=\"font-weight: 400;\">Fonte: Ag\u00eancia Brasil <\/span><\/p>\n","protected":false},"excerpt":{"rendered":"<p>O Ministro do Meio Ambiente, Joaquim Leite, se reunir\u00e1 nesta quarta-feira (4) com o presidente da Confer\u00eancia das Na\u00e7\u00f5es Unidas sobre Mudan\u00e7as Clim\u00e1ticas de 2021 (Cop26), Alok Sharma, para\u00a0discutir\u00a0detalhes da participa\u00e7\u00e3o do Brasil no evento, em novembro, a ser realizado em Glasgow, Esc\u00f3cia.\u00a0 Na \u00faltima semana, Joaquim Leite afirmou, em reuni\u00e3o com ministros de cerca [&hellip;]<\/p>\n","protected":false},"author":246,"featured_media":186228,"comment_status":"closed","ping_status":"closed","sticky":false,"template":"","format":"standard","meta":{"footnotes":""},"categories":[436,254,439],"tags":[],"class_list":["post-186227","post","type-post","status-publish","format-standard","has-post-thumbnail","hentry","category-destaque-da-semana","category-politica","category-ultima-hora"],"_links":{"self":[{"href":"https:\/\/diarioregionaldigital.com.br\/index.php?rest_route=\/wp\/v2\/posts\/186227","targetHints":{"allow":["GET"]}}],"collection":[{"href":"https:\/\/diarioregionaldigital.com.br\/index.php?rest_route=\/wp\/v2\/posts"}],"about":[{"href":"https:\/\/diarioregionaldigital.com.br\/index.php?rest_route=\/wp\/v2\/types\/post"}],"author":[{"embeddable":true,"href":"https:\/\/diarioregionaldigital.com.br\/index.php?rest_route=\/wp\/v2\/users\/246"}],"replies":[{"embeddable":true,"href":"https:\/\/diarioregionaldigital.com.br\/index.php?rest_route=%2Fwp%2Fv2%2Fcomments&post=186227"}],"version-history":[{"count":1,"href":"https:\/\/diarioregionaldigital.com.br\/index.php?rest_route=\/wp\/v2\/posts\/186227\/revisions"}],"predecessor-version":[{"id":186229,"href":"https:\/\/diarioregionaldigital.com.br\/index.php?rest_route=\/wp\/v2\/posts\/186227\/revisions\/186229"}],"wp:featuredmedia":[{"embeddable":true,"href":"https:\/\/diarioregionaldigital.com.br\/index.php?rest_route=\/wp\/v2\/media\/186228"}],"wp:attachment":[{"href":"https:\/\/diarioregionaldigital.com.br\/index.php?rest_route=%2Fwp%2Fv2%2Fmedia&parent=186227"}],"wp:term":[{"taxonomy":"category","embeddable":true,"href":"https:\/\/diarioregionaldigital.com.br\/index.php?rest_route=%2Fwp%2Fv2%2Fcategories&post=186227"},{"taxonomy":"post_tag","embeddable":true,"href":"https:\/\/diarioregionaldigital.com.br\/index.php?rest_route=%2Fwp%2Fv2%2Ftags&post=186227"}],"curies":[{"name":"wp","href":"https:\/\/api.w.org\/{rel}","templated":true}]}}