{"id":186222,"date":"2021-08-02T18:37:10","date_gmt":"2021-08-02T21:37:10","guid":{"rendered":"https:\/\/diarioregionaldigital.com.br\/?p=186222"},"modified":"2021-08-02T18:37:37","modified_gmt":"2021-08-02T21:37:37","slug":"minas-distribui-mais-de-641-mil-doses-de-vacinas-contra-a-covid-19","status":"publish","type":"post","link":"https:\/\/diarioregionaldigital.com.br\/?p=186222","title":{"rendered":"Minas distribui mais de 641 mil doses de vacinas contra a covid-19"},"content":{"rendered":"<p>O\u00a0<a href=\"https:\/\/www.mg.gov.br\/\" target=\"_blank\" rel=\"noopener\">Governo de Minas<\/a>\u00a0promove, at\u00e9 ter\u00e7a-feira (3\/8), a entrega de 641.200 doses de vacinas contra a covid-19 \u00e0s Unidades Regionais de Sa\u00fade, que, por sua vez, far\u00e3o a distribui\u00e7\u00e3o aos munic\u00edpios. S\u00e3o 351 mil doses do imunizante Pfizer e 290.200 doses da CoronaVac.<\/p>\n<p>A remessa ser\u00e1 destinada \u00e0 aplica\u00e7\u00e3o da primeira e da segunda dose em caminhoneiros e trabalhadores industriais dos munic\u00edpios que ainda n\u00e3o conclu\u00edram a vacina\u00e7\u00e3o desses grupos. Os imunizantes tamb\u00e9m contemplam adultos de 50 a 54 anos e a segunda dose de pessoas com comorbidade e pessoas com defici\u00eancia permanente grave.<\/p>\n<p><a href=\"http:\/\/www.agenciaminas.mg.gov.br\/ckeditor_assets\/attachments\/11697\/planilha_ses_corrigida.xlsx\" target=\"_blank\" rel=\"noopener\">Clique aqui<\/a>\u00a0e confira a distribui\u00e7\u00e3o dos imunizantes CoronaVac e Pfizer para os munic\u00edpios mineiros.<\/p>\n<p><sub>(Planilha retificada pela SES-MG \u00e0s 16h do dia 2\/8\/2021)<\/sub><\/p>\n<p><strong>Apoio<\/strong><\/p>\n<p>A maior opera\u00e7\u00e3o de vacina\u00e7\u00e3o da hist\u00f3ria de Minas Gerais conta com apoio das For\u00e7as de Seguran\u00e7a e Salvamento, do\u00a0<a href=\"https:\/\/www.bombeiros.mg.gov.br\/\" target=\"_blank\" rel=\"noopener\">Corpo de Bombeiros Militar<\/a>, da\u00a0<a href=\"https:\/\/www.policiamilitar.mg.gov.br\/\" target=\"_blank\" rel=\"noopener\">Pol\u00edcia Militar<\/a>, al\u00e9m do efetivo da\u00a0<a href=\"https:\/\/www.policiacivil.mg.gov.br\/\" target=\"_blank\" rel=\"noopener\">Pol\u00edcia Civil<\/a>.<\/p>\n<p><strong>Recebem vacinas por aeronaves do estado<\/strong>:<\/p>\n<p>&#8211; URS Una\u00ed<br \/>\n&#8211; URS Patos de Minas<br \/>\n&#8211; URS Te\u00f3filo Otoni<\/p>\n<p><strong>Recebem vacinas por voos comerciais<\/strong>:<\/p>\n<p>&#8211; SRS Montes Claros<br \/>\n&#8211; SRS Uberaba<br \/>\n&#8211; SRS Uberl\u00e2ndia<\/p>\n<p><strong>Retiram as vacinas no aer\u00f3dromo ou na Rede de Frio da URS polo<\/strong>:<\/p>\n<p>-SRS Alfenas<br \/>\n-SRS Governador Valadares<br \/>\n-GRS Ituiutaba<br \/>\n-GRS Janu\u00e1ria<br \/>\n-GRS Leopoldina<br \/>\n-SRS Manhua\u00e7u<br \/>\n-SRS Passos<br \/>\n-GRS Pirapora<br \/>\n-GRS S\u00e3o Jo\u00e3o Del Rei<br \/>\n-GRS Ub\u00e1<\/p>\n<p><strong>Retiram as vacinas na Central Estadual de Rede de Frio<\/strong>:<\/p>\n<p>-SRS Barbacena<br \/>\n-SRS Belo Horizonte<br \/>\n-SRS Coronel Fabriciano<br \/>\n-SRS Diamantina<br \/>\n-SRS Divin\u00f3polis<br \/>\n-GRS Itabira<br \/>\n-SRS Juiz de Fora<br \/>\n-GRS Pedra Azul<br \/>\n-SRS Ponte Nova<br \/>\n-SRS Pouso Alegre<br \/>\n-SRS Sete Lagoas<br \/>\n-SRS Varginha<\/p>\n<p><span style=\"font-weight: 400;\">Fonte: Ag\u00eancia Minas\u00a0\u00a0<\/span><\/p>\n","protected":false},"excerpt":{"rendered":"<p>O\u00a0Governo de Minas\u00a0promove, at\u00e9 ter\u00e7a-feira (3\/8), a entrega de 641.200 doses de vacinas contra a covid-19 \u00e0s Unidades Regionais de Sa\u00fade, que, por sua vez, far\u00e3o a distribui\u00e7\u00e3o aos munic\u00edpios. S\u00e3o 351 mil doses do imunizante Pfizer e 290.200 doses da CoronaVac. A remessa ser\u00e1 destinada \u00e0 aplica\u00e7\u00e3o da primeira e da segunda dose em [&hellip;]<\/p>\n","protected":false},"author":246,"featured_media":186223,"comment_status":"closed","ping_status":"closed","sticky":false,"template":"","format":"standard","meta":{"footnotes":""},"categories":[440,254,439],"tags":[],"class_list":["post-186222","post","type-post","status-publish","format-standard","has-post-thumbnail","hentry","category-destaques-do-dia","category-politica","category-ultima-hora"],"_links":{"self":[{"href":"https:\/\/diarioregionaldigital.com.br\/index.php?rest_route=\/wp\/v2\/posts\/186222","targetHints":{"allow":["GET"]}}],"collection":[{"href":"https:\/\/diarioregionaldigital.com.br\/index.php?rest_route=\/wp\/v2\/posts"}],"about":[{"href":"https:\/\/diarioregionaldigital.com.br\/index.php?rest_route=\/wp\/v2\/types\/post"}],"author":[{"embeddable":true,"href":"https:\/\/diarioregionaldigital.com.br\/index.php?rest_route=\/wp\/v2\/users\/246"}],"replies":[{"embeddable":true,"href":"https:\/\/diarioregionaldigital.com.br\/index.php?rest_route=%2Fwp%2Fv2%2Fcomments&post=186222"}],"version-history":[{"count":3,"href":"https:\/\/diarioregionaldigital.com.br\/index.php?rest_route=\/wp\/v2\/posts\/186222\/revisions"}],"predecessor-version":[{"id":186226,"href":"https:\/\/diarioregionaldigital.com.br\/index.php?rest_route=\/wp\/v2\/posts\/186222\/revisions\/186226"}],"wp:featuredmedia":[{"embeddable":true,"href":"https:\/\/diarioregionaldigital.com.br\/index.php?rest_route=\/wp\/v2\/media\/186223"}],"wp:attachment":[{"href":"https:\/\/diarioregionaldigital.com.br\/index.php?rest_route=%2Fwp%2Fv2%2Fmedia&parent=186222"}],"wp:term":[{"taxonomy":"category","embeddable":true,"href":"https:\/\/diarioregionaldigital.com.br\/index.php?rest_route=%2Fwp%2Fv2%2Fcategories&post=186222"},{"taxonomy":"post_tag","embeddable":true,"href":"https:\/\/diarioregionaldigital.com.br\/index.php?rest_route=%2Fwp%2Fv2%2Ftags&post=186222"}],"curies":[{"name":"wp","href":"https:\/\/api.w.org\/{rel}","templated":true}]}}