{"id":186216,"date":"2021-08-02T18:23:47","date_gmt":"2021-08-02T21:23:47","guid":{"rendered":"https:\/\/diarioregionaldigital.com.br\/?p=186216"},"modified":"2021-08-02T18:23:47","modified_gmt":"2021-08-02T21:23:47","slug":"confianca-empresarial-aumenta-31-pontos-em-julho-diz-fgv","status":"publish","type":"post","link":"https:\/\/diarioregionaldigital.com.br\/?p=186216","title":{"rendered":"Confian\u00e7a empresarial aumenta 3,1 pontos em julho, diz FGV"},"content":{"rendered":"<p>Pela quarta vez consecutiva o \u00cdndice de Confian\u00e7a Empresarial (ICE) medido pelo Instituto Brasileiro de Economia da Funda\u00e7\u00e3o Getulio Vargas (FGV-Ibre) registrou alta. Dessa vez foi de 3,1 pontos em julho e atingiu 101,9 pontos. O \u00edndice varia de zero a 200 e, acima de 100 pontos, indica confian\u00e7a.<img decoding=\"async\" src=\"https:\/\/agenciabrasil.ebc.com.br\/ebc.png?id=1417040&amp;o=node\" \/><img decoding=\"async\" src=\"https:\/\/agenciabrasil.ebc.com.br\/ebc.gif?id=1417040&amp;o=node\" \/><\/p>\n<p>De acordo com o Ibre, trata-se do maior n\u00edvel desde junho de 2013. O \u00cdndice de Confian\u00e7a Empresarial (ICE) consolida os quatro \u00edndices de confian\u00e7a dos setores cobertos pelas Sondagens Empresariais produzidas pela FGV IBRE, que s\u00e3o o da Ind\u00fastria, de Servi\u00e7os, do Com\u00e9rcio e da Constru\u00e7\u00e3o (imagem em destaque).<\/p>\n<p>O superintendente de Estat\u00edsticas do FGV-Ibre, Aloisio Campelo Jr., informou que o ICE rompeu em julho a barreira de neutralidade dos 100 pontos com alta de confian\u00e7a nos quatro principais setores pesquisados. O coordenador ponderou, no entanto, que apesar do n\u00famero agregado favor\u00e1vel, percebe-se ainda bastante heterogeneidade nos resultados.<\/p>\n<p>\u201cNo Setor de Servi\u00e7os, a percep\u00e7\u00e3o sobre a situa\u00e7\u00e3o atual continua fraca e a boa not\u00edcia \u00e9 o retorno do otimismo em rela\u00e7\u00e3o aos pr\u00f3ximos meses em segmentos como Alojamento e Alimenta\u00e7\u00e3o, dois dos que v\u00eam sofrendo mais, durante a pandemia [de covid-19]. A confian\u00e7a do Com\u00e9rcio ultrapassou os 100 pontos com avalia\u00e7\u00f5es muito favor\u00e1veis sobre o presente em segmentos como Materiais de Constru\u00e7\u00e3o e Ve\u00edculos, Motos, Partes e Pe\u00e7as e mais fracas nos Super e Hipermercados. A Ind\u00fastria, setor com desempenho mais consistente nos \u00faltimos meses, continua enfrentando problemas no abastecimento de importantes insumos\u201d, disse.<\/p>\n<p>Houve avan\u00e7o ainda nos indicadores componentes nos dois horizontes de tempo. O destaque ficou com o \u00edndice que reflete expectativas em rela\u00e7\u00e3o ao futuro pr\u00f3ximo. O \u00cdndice de Situa\u00e7\u00e3o Atual Empresarial (ISA-E) cresceu 1,6 ponto, alcan\u00e7ando 99,7 pontos, o n\u00edvel mais alto desde outubro de 2013. J\u00e1 o \u00cdndice de Expectativas (IE-E) avan\u00e7ou 3 pontos, chegando a 103,9 pontos, o maior n\u00edvel desde junho de 2013.<\/p>\n<p>De acordo com o Ibre, com destaque para a melhora das expectativas de curto prazo, todos os grandes setores que integram o ICE registraram eleva\u00e7\u00e3o no m\u00eas. Esta \u00e9 tamb\u00e9m a primeira vez em que todos os setores registram \u00edndices superiores aos do per\u00edodo pr\u00e9-pandemia, algo at\u00e9 ent\u00e3o alcan\u00e7ado somente pela Ind\u00fastria.<\/p>\n<p><strong>Dissemina\u00e7\u00e3o<\/strong><\/p>\n<p>O resultado de julho mostrou ainda que a confian\u00e7a empresarial subiu em 73% dos 49 segmentos integrantes do ICE. Isso significa um recuo da dissemina\u00e7\u00e3o frente aos 82% do m\u00eas passado. Segundo o IBRE, apenas a Ind\u00fastria em dissemina\u00e7\u00e3o de alta da confian\u00e7a, inferior a 50%, , entre os grandes setores.<\/p>\n<p><span style=\"font-weight: 400;\">Fonte: Ag\u00eancia Brasil <\/span><\/p>\n","protected":false},"excerpt":{"rendered":"<p>Pela quarta vez consecutiva o \u00cdndice de Confian\u00e7a Empresarial (ICE) medido pelo Instituto Brasileiro de Economia da Funda\u00e7\u00e3o Getulio Vargas (FGV-Ibre) registrou alta. Dessa vez foi de 3,1 pontos em julho e atingiu 101,9 pontos. O \u00edndice varia de zero a 200 e, acima de 100 pontos, indica confian\u00e7a. De acordo com o Ibre, trata-se [&hellip;]<\/p>\n","protected":false},"author":246,"featured_media":186217,"comment_status":"closed","ping_status":"closed","sticky":false,"template":"","format":"standard","meta":{"footnotes":""},"categories":[436,261,439],"tags":[],"class_list":["post-186216","post","type-post","status-publish","format-standard","has-post-thumbnail","hentry","category-destaque-da-semana","category-economia","category-ultima-hora"],"_links":{"self":[{"href":"https:\/\/diarioregionaldigital.com.br\/index.php?rest_route=\/wp\/v2\/posts\/186216","targetHints":{"allow":["GET"]}}],"collection":[{"href":"https:\/\/diarioregionaldigital.com.br\/index.php?rest_route=\/wp\/v2\/posts"}],"about":[{"href":"https:\/\/diarioregionaldigital.com.br\/index.php?rest_route=\/wp\/v2\/types\/post"}],"author":[{"embeddable":true,"href":"https:\/\/diarioregionaldigital.com.br\/index.php?rest_route=\/wp\/v2\/users\/246"}],"replies":[{"embeddable":true,"href":"https:\/\/diarioregionaldigital.com.br\/index.php?rest_route=%2Fwp%2Fv2%2Fcomments&post=186216"}],"version-history":[{"count":1,"href":"https:\/\/diarioregionaldigital.com.br\/index.php?rest_route=\/wp\/v2\/posts\/186216\/revisions"}],"predecessor-version":[{"id":186218,"href":"https:\/\/diarioregionaldigital.com.br\/index.php?rest_route=\/wp\/v2\/posts\/186216\/revisions\/186218"}],"wp:featuredmedia":[{"embeddable":true,"href":"https:\/\/diarioregionaldigital.com.br\/index.php?rest_route=\/wp\/v2\/media\/186217"}],"wp:attachment":[{"href":"https:\/\/diarioregionaldigital.com.br\/index.php?rest_route=%2Fwp%2Fv2%2Fmedia&parent=186216"}],"wp:term":[{"taxonomy":"category","embeddable":true,"href":"https:\/\/diarioregionaldigital.com.br\/index.php?rest_route=%2Fwp%2Fv2%2Fcategories&post=186216"},{"taxonomy":"post_tag","embeddable":true,"href":"https:\/\/diarioregionaldigital.com.br\/index.php?rest_route=%2Fwp%2Fv2%2Ftags&post=186216"}],"curies":[{"name":"wp","href":"https:\/\/api.w.org\/{rel}","templated":true}]}}