{"id":186213,"date":"2021-08-02T18:20:44","date_gmt":"2021-08-02T21:20:44","guid":{"rendered":"https:\/\/diarioregionaldigital.com.br\/?p=186213"},"modified":"2021-08-02T18:20:44","modified_gmt":"2021-08-02T21:20:44","slug":"pais-pode-ser-principal-player-para-investimentos-verdes-diz-ministra","status":"publish","type":"post","link":"https:\/\/diarioregionaldigital.com.br\/?p=186213","title":{"rendered":"Pa\u00eds pode ser principal player para investimentos verdes, diz ministra"},"content":{"rendered":"<p>A ministra da Agricultura, Pecu\u00e1ria e Abastecimento, Tereza Cristina, disse hoje\u00a0(2) que o\u00a0Brasil pode ser o principal\u00a0<em>player<\/em>\u00a0para investimentos verdes no mundo\u00a0e que sua pasta est\u00e1 trabalhando por esse objetivo. Segundo a ministra, a\u00a0an\u00e1lise dos dados declarados no Cadastro Ambiental Rural (CAR), ao ajudar na implementa\u00e7\u00e3o do C\u00f3digo Florestal,\u00a0tem potencial para fazer o pa\u00eds a aumentar\u00a0recursos na gest\u00e3o de t\u00edtulos verdes.\u00a0<img decoding=\"async\" src=\"https:\/\/agenciabrasil.ebc.com.br\/ebc.png?id=1417058&amp;o=node\" \/><img decoding=\"async\" src=\"https:\/\/agenciabrasil.ebc.com.br\/ebc.gif?id=1417058&amp;o=node\" \/><\/p>\n<p>\u201cAtualmente, estima-se\u00a0R$ 30 bilh\u00f5es em gest\u00e3o de t\u00edtulos verdes no pa\u00eds,\u00a0com grande potencial de crescimento, frente a US$ 1 trilh\u00e3o de recursos investidos em fundos sustent\u00e1veis internacionais. O Brasil pode ser o principal\u00a0<em>player\u00a0<\/em>para investimentos verdes no mundo, e o minist\u00e9rio\u00a0est\u00e1 trabalhando e apoiando isso\u201d, destacou a ministra, ao participar do 20\u00ba Congresso Brasileiro do Agroneg\u00f3cio.<\/p>\n<p>A ministra disse que o Brasil tem conseguido conciliar produtividade com sustentabilidade, no modelo agropecu\u00e1rio que vem desenvolvendo. Ela lembrou que o Servi\u00e7o Florestal Brasileiro est\u00e1 sob seu \u201cguarda-chuva\u201d\u00a0e que o avan\u00e7o na implementa\u00e7\u00e3o do c\u00f3digo florestal est\u00e1 entre as prioridades da pasta.<\/p>\n<p>De acordo com ela, a legisla\u00e7\u00e3o ser\u00e1 fundamental para que o pa\u00eds se torne l\u00edder na agenda global da sustentabilidade, conciliando produ\u00e7\u00e3o agropecu\u00e1ria com conserva\u00e7\u00e3o ambiental.<\/p>\n<p>&#8220;Para isso lan\u00e7amos a ferramenta AnalisaCAR. Com tecnologia de geoprocessamento, poderemos avan\u00e7ar na an\u00e1lise automatizada de cadastro ambiental, trazendo seguran\u00e7a jur\u00eddica e celeridade nesse processo.&#8221;<\/p>\n<p>Tereza Cristina destacou\u00a0que o Plano Safra deste ano est\u00e1 mais &#8220;verde\u201d, com a amplia\u00e7\u00e3o tanto do plano de agricultura de baixa emiss\u00e3o de carbono (o Plano ABC), como do financiamento para restaura\u00e7\u00e3o florestal. Ela destacou a\u00e7\u00f5es visando a gera\u00e7\u00e3o de energia renov\u00e1vel a partir de biog\u00e1s e biometano.<\/p>\n<p>\u201c\u00c9 importante ressaltar que o Brasil desenvolveu um modelo agropecu\u00e1rio tropical. Ao passo em que se torna mais produtivo, torna-se tamb\u00e9m mais sustent\u00e1vel. Nos \u00faltimos 10 anos intensificamos em torno de 50 milh\u00f5es de hectares de \u00e1reas degradadas com tecnologias promovidas pelo plano de agricultura de baixa emiss\u00e3o de carbono, o nosso Plano ABC\u201d, disse a ministra.<\/p>\n<p><strong>Infraestrutura<\/strong><\/p>\n<p>Em mensagem enviada aos participantes do 20\u00ba Congresso Brasileiro do Agroneg\u00f3cio, o\u00a0ministro\u00a0da Infraestrutura, Tarc\u00edsio Gomes de Freitas,\u00a0disse que a infraestrutura deve caminhar para &#8220;atender \u00e0s necessidades do agro&#8221;, e que \u00e9 fundamental\u00a0aos investidores em agroneg\u00f3cio e infraestrutura\u00a0que atendam aos padr\u00f5es de governan\u00e7a socioambiental.<\/p>\n<p>\u201cPor isso, temos investido na matriz de diversifica\u00e7\u00e3o de transporte por meio do fomento ao transporte de cabotagem, do fomento ao transporte hidrovi\u00e1rio, e de um amplo programa ferrovi\u00e1rio que j\u00e1 contratou cerca de R$ 30 bilh\u00f5es em investimento com a iniciativa privada.<\/p>\n<p>Al\u00e9m disso, estamos trazendo a no\u00e7\u00e3o de sustentabilidade para a estrutura\u00e7\u00e3o de nossos projetos. Entendemos que os fluxos financeiros estar\u00e3o cada vez mais atrelados aos padr\u00f5es ambientais\u201d, disse Freitas.<\/p>\n<p><strong>C\u00fapula de Sistemas Alimentares<\/strong><\/p>\n<p>Rec\u00e9m-chegada de Roma, capital italiana, onde participou de\u00a0encontro preliminar da C\u00fapula dos Sistemas Alimentares, que ocorrer\u00e1 em setembro, na sede das Na\u00e7\u00f5es Unidas, em Nova York, nos Estados Unidos, Tereza Cristina disse que &#8220;pela primeira vez h\u00e1 uma pol\u00edtica \u00fanica defendida por todos os pa\u00edses da Am\u00e9rica do Sul e Caribe\u201d, e que esse posicionamento est\u00e1 materializado em 16 mensagens-chave a serem apresentadas no evento organizado pelas Na\u00e7\u00f5es Unidas.<\/p>\n<p>\u201cNossa uni\u00e3o foi muito importante para que a agenda\u00a0a ser debatida e lan\u00e7ada em setembro\u00a0possa\u00a0ter\u00a0os 16 pontos comuns\u201d, disse a ministra. As mensagens abordam temas como\u00a0transforma\u00e7\u00e3o dos sistemas agroalimentares,\u00a0demanda dos consumidores e aspectos nutricionais, estrat\u00e9gias de produ\u00e7\u00e3o e assuntos ambientais\u00a0e o papel das Am\u00e9ricas nesse contexto.<\/p>\n<p>Para conhecer detalhadamente as\u00a016 pontos comuns,\u00a0<a href=\"https:\/\/iica.int\/pt\/prensa\/noticias\/16-mensagens-chave-que-uniram-os-paises-das-americas-no-caminho-para-cupula-de\" target=\"_blank\" rel=\"noopener\">clique aqui<\/a>.<\/p>\n<p><span style=\"font-weight: 400;\"><br \/>\n<\/span><span style=\"font-weight: 400;\">Fonte: Ag\u00eancia Brasil <\/span><\/p>\n","protected":false},"excerpt":{"rendered":"<p>A ministra da Agricultura, Pecu\u00e1ria e Abastecimento, Tereza Cristina, disse hoje\u00a0(2) que o\u00a0Brasil pode ser o principal\u00a0player\u00a0para investimentos verdes no mundo\u00a0e que sua pasta est\u00e1 trabalhando por esse objetivo. Segundo a ministra, a\u00a0an\u00e1lise dos dados declarados no Cadastro Ambiental Rural (CAR), ao ajudar na implementa\u00e7\u00e3o do C\u00f3digo Florestal,\u00a0tem potencial para fazer o pa\u00eds a aumentar\u00a0recursos [&hellip;]<\/p>\n","protected":false},"author":246,"featured_media":186214,"comment_status":"closed","ping_status":"closed","sticky":false,"template":"","format":"standard","meta":{"footnotes":""},"categories":[436,261,439],"tags":[],"class_list":["post-186213","post","type-post","status-publish","format-standard","has-post-thumbnail","hentry","category-destaque-da-semana","category-economia","category-ultima-hora"],"_links":{"self":[{"href":"https:\/\/diarioregionaldigital.com.br\/index.php?rest_route=\/wp\/v2\/posts\/186213","targetHints":{"allow":["GET"]}}],"collection":[{"href":"https:\/\/diarioregionaldigital.com.br\/index.php?rest_route=\/wp\/v2\/posts"}],"about":[{"href":"https:\/\/diarioregionaldigital.com.br\/index.php?rest_route=\/wp\/v2\/types\/post"}],"author":[{"embeddable":true,"href":"https:\/\/diarioregionaldigital.com.br\/index.php?rest_route=\/wp\/v2\/users\/246"}],"replies":[{"embeddable":true,"href":"https:\/\/diarioregionaldigital.com.br\/index.php?rest_route=%2Fwp%2Fv2%2Fcomments&post=186213"}],"version-history":[{"count":1,"href":"https:\/\/diarioregionaldigital.com.br\/index.php?rest_route=\/wp\/v2\/posts\/186213\/revisions"}],"predecessor-version":[{"id":186215,"href":"https:\/\/diarioregionaldigital.com.br\/index.php?rest_route=\/wp\/v2\/posts\/186213\/revisions\/186215"}],"wp:featuredmedia":[{"embeddable":true,"href":"https:\/\/diarioregionaldigital.com.br\/index.php?rest_route=\/wp\/v2\/media\/186214"}],"wp:attachment":[{"href":"https:\/\/diarioregionaldigital.com.br\/index.php?rest_route=%2Fwp%2Fv2%2Fmedia&parent=186213"}],"wp:term":[{"taxonomy":"category","embeddable":true,"href":"https:\/\/diarioregionaldigital.com.br\/index.php?rest_route=%2Fwp%2Fv2%2Fcategories&post=186213"},{"taxonomy":"post_tag","embeddable":true,"href":"https:\/\/diarioregionaldigital.com.br\/index.php?rest_route=%2Fwp%2Fv2%2Ftags&post=186213"}],"curies":[{"name":"wp","href":"https:\/\/api.w.org\/{rel}","templated":true}]}}