{"id":186210,"date":"2021-08-02T18:17:28","date_gmt":"2021-08-02T21:17:28","guid":{"rendered":"https:\/\/diarioregionaldigital.com.br\/?p=186210"},"modified":"2021-08-02T18:17:28","modified_gmt":"2021-08-02T21:17:28","slug":"mercado-financeiro-eleva-projecao-da-inflacao-para-679","status":"publish","type":"post","link":"https:\/\/diarioregionaldigital.com.br\/?p=186210","title":{"rendered":"Mercado financeiro eleva proje\u00e7\u00e3o da infla\u00e7\u00e3o para 6,79%"},"content":{"rendered":"<p>A previs\u00e3o do mercado financeiro para o \u00cdndice Nacional de Pre\u00e7os ao Consumidor Amplo (IPCA), considerada a infla\u00e7\u00e3o oficial do pa\u00eds, deste ano subiu de 6,56% para 6,79%. A estimativa est\u00e1 no Boletim Focus de hoje (2), pesquisa divulgada semanalmente pelo Banco Central (BC), com a proje\u00e7\u00e3o para os principais indicadores econ\u00f4micos.<img decoding=\"async\" src=\"https:\/\/agenciabrasil.ebc.com.br\/ebc.png?id=1417036&amp;o=node\" \/><img decoding=\"async\" src=\"https:\/\/agenciabrasil.ebc.com.br\/ebc.gif?id=1417036&amp;o=node\" \/><\/p>\n<p>Para 2022, a estimativa de infla\u00e7\u00e3o \u00e9 de 3,81%. Para 2023 e 2024, as previs\u00f5es s\u00e3o de 3,25% e 3%, respectivamente.<\/p>\n<p>A previs\u00e3o para 2021 est\u00e1 acima da meta de infla\u00e7\u00e3o que deve ser perseguida pelo BC. A meta, definida pelo Conselho Monet\u00e1rio Nacional, \u00e9 de 3,75% para este ano, com intervalo de toler\u00e2ncia de 1,5 ponto percentual para cima ou para baixo. Ou seja, o limite inferior \u00e9 de 2,25% e o superior de 5,25%.<\/p>\n<p><a href=\"http:\/\/agenciabrasil.ebc.com.br\/economia\/noticia\/2021-07\/inflacao-fica-em-053-em-junho-puxada-pela-alta-da-energia-eletrica\" target=\"_blank\" rel=\"noopener\">Em junho<\/a>, a infla\u00e7\u00e3o desacelerou para 0,53%, depois de chegar a 0,83% em maio. Ainda assim, com o resultado, o IPCA acumula alta de 3,77%, no ano, e 8,35%, nos \u00faltimos 12 meses. Os dados de julho devem ser divulgados pelo Instituto Brasileiro de Geografia e Estat\u00edstica na pr\u00f3xima semana, mas o \u00cdndice Nacional de Pre\u00e7os ao Consumidor Amplo \u2013 15 (IPCA-15), que mede a<a href=\"http:\/\/agenciabrasil.ebc.com.br\/economia\/noticia\/2021-07\/previa-da-inflacao-oficial-fica-em-072-em-julho-diz-ibge#\" target=\"_blank\" rel=\"noopener\">\u00a0pr\u00e9via da infla\u00e7\u00e3o oficial<\/a>, registrou infla\u00e7\u00e3o de 0,72% no m\u00eas passado, a maior varia\u00e7\u00e3o do IPCA-15 para um m\u00eas de julho desde 2004 (0,93%).<\/p>\n<p><strong>Taxa de juros<\/strong><\/p>\n<p>Para alcan\u00e7ar a meta de infla\u00e7\u00e3o, o Banco Central usa como principal instrumento a taxa b\u00e1sica de juros, a Selic, estabelecida atualmente em 4,25% ao ano pelo Comit\u00ea de Pol\u00edtica Monet\u00e1ria (Copom). Amanh\u00e3 (3) e quarta-feira (4), o Copom realiza, em Bras\u00edlia, a quinta reuni\u00e3o do ano para definir a Selic e deve haver nova eleva\u00e7\u00e3o. Segundo expectativa do mercado financeiro, a Selic deve subir 1 ponto percentual para 5,25% ao ano, na reuni\u00e3o do Copom desta semana.<\/p>\n<p>Para o mercado financeiro, a expectativa \u00e9 de que a Selic encerre 2021 em 7% ao ano, mesma previs\u00e3o da semana passada. Para o fim de 2022, a estimativa \u00e9 de que a taxa b\u00e1sica mantenha esse mesmo patamar. E tanto para 2023 como para 2024, a previs\u00e3o \u00e9 6,5% ao ano.<\/p>\n<p>Quando o Copom aumenta a taxa b\u00e1sica de juros, a finalidade \u00e9 conter a demanda aquecida, e isso causa reflexos nos pre\u00e7os porque os juros mais altos encarecem o cr\u00e9dito e estimulam a poupan\u00e7a. Desse modo, taxas mais altas podem dificultar a recupera\u00e7\u00e3o da economia. Al\u00e9m disso, os bancos consideram outros fatores na hora de definir os juros cobrados dos consumidores, como risco de inadimpl\u00eancia, lucro e despesas administrativas.<\/p>\n<p>Quando o Copom reduz a Selic, a tend\u00eancia \u00e9 de que o cr\u00e9dito fique mais barato, com incentivo \u00e0 produ\u00e7\u00e3o e ao consumo, reduzindo o controle da infla\u00e7\u00e3o e estimulando a atividade econ\u00f4mica.<\/p>\n<p><strong>PIB e c\u00e2mbio<\/strong><\/p>\n<p>As institui\u00e7\u00f5es financeiras consultadas pelo BC ajustaram a proje\u00e7\u00e3o para o crescimento da economia brasileira este ano de 5,29% para 5,30%. Para 2022, a expectativa para Produto Interno Bruto (PIB) &#8211; a soma de todos os bens e servi\u00e7os produzidos no pa\u00eds &#8211; \u00e9 de crescimento de 2,10%. Em 2023 e 2024, o mercado financeiro projeta expans\u00e3o do PIB em 2,5%.<\/p>\n<p>A expectativa para a cota\u00e7\u00e3o do d\u00f3lar variou de R$ 5,09 para R$ 5,10 para o final deste ano. Para o fim de 2022, a previs\u00e3o \u00e9 que a moeda americana fique em R$ 5,20.<\/p>\n<p><span style=\"font-weight: 400;\"><br \/>\n<\/span><span style=\"font-weight: 400;\">Fonte: Ag\u00eancia Brasil <\/span><\/p>\n","protected":false},"excerpt":{"rendered":"<p>A previs\u00e3o do mercado financeiro para o \u00cdndice Nacional de Pre\u00e7os ao Consumidor Amplo (IPCA), considerada a infla\u00e7\u00e3o oficial do pa\u00eds, deste ano subiu de 6,56% para 6,79%. A estimativa est\u00e1 no Boletim Focus de hoje (2), pesquisa divulgada semanalmente pelo Banco Central (BC), com a proje\u00e7\u00e3o para os principais indicadores econ\u00f4micos. Para 2022, a [&hellip;]<\/p>\n","protected":false},"author":246,"featured_media":186211,"comment_status":"closed","ping_status":"closed","sticky":false,"template":"","format":"standard","meta":{"footnotes":""},"categories":[440,261,439],"tags":[],"class_list":["post-186210","post","type-post","status-publish","format-standard","has-post-thumbnail","hentry","category-destaques-do-dia","category-economia","category-ultima-hora"],"_links":{"self":[{"href":"https:\/\/diarioregionaldigital.com.br\/index.php?rest_route=\/wp\/v2\/posts\/186210","targetHints":{"allow":["GET"]}}],"collection":[{"href":"https:\/\/diarioregionaldigital.com.br\/index.php?rest_route=\/wp\/v2\/posts"}],"about":[{"href":"https:\/\/diarioregionaldigital.com.br\/index.php?rest_route=\/wp\/v2\/types\/post"}],"author":[{"embeddable":true,"href":"https:\/\/diarioregionaldigital.com.br\/index.php?rest_route=\/wp\/v2\/users\/246"}],"replies":[{"embeddable":true,"href":"https:\/\/diarioregionaldigital.com.br\/index.php?rest_route=%2Fwp%2Fv2%2Fcomments&post=186210"}],"version-history":[{"count":1,"href":"https:\/\/diarioregionaldigital.com.br\/index.php?rest_route=\/wp\/v2\/posts\/186210\/revisions"}],"predecessor-version":[{"id":186212,"href":"https:\/\/diarioregionaldigital.com.br\/index.php?rest_route=\/wp\/v2\/posts\/186210\/revisions\/186212"}],"wp:featuredmedia":[{"embeddable":true,"href":"https:\/\/diarioregionaldigital.com.br\/index.php?rest_route=\/wp\/v2\/media\/186211"}],"wp:attachment":[{"href":"https:\/\/diarioregionaldigital.com.br\/index.php?rest_route=%2Fwp%2Fv2%2Fmedia&parent=186210"}],"wp:term":[{"taxonomy":"category","embeddable":true,"href":"https:\/\/diarioregionaldigital.com.br\/index.php?rest_route=%2Fwp%2Fv2%2Fcategories&post=186210"},{"taxonomy":"post_tag","embeddable":true,"href":"https:\/\/diarioregionaldigital.com.br\/index.php?rest_route=%2Fwp%2Fv2%2Ftags&post=186210"}],"curies":[{"name":"wp","href":"https:\/\/api.w.org\/{rel}","templated":true}]}}