{"id":186203,"date":"2021-07-30T17:12:39","date_gmt":"2021-07-30T20:12:39","guid":{"rendered":"https:\/\/diarioregionaldigital.com.br\/?p=186203"},"modified":"2021-07-30T17:12:39","modified_gmt":"2021-07-30T20:12:39","slug":"secretaria-de-seguranca-urbana-e-cidadania-visita-a-guarda-municipal-de-contagem","status":"publish","type":"post","link":"https:\/\/diarioregionaldigital.com.br\/?p=186203","title":{"rendered":"Secretaria de Seguran\u00e7a Urbana e Cidadania visita a Guarda Municipal de Contagem"},"content":{"rendered":"<p>A secret\u00e1ria de Seguran\u00e7a Urbana e Cidadania, da Prefeitura de Juiz de Fora (PJF), Let\u00edcia Paiva Delgado, juntamente com representantes da Guarda Municipal, \u00f3rg\u00e3o pertencente \u00e0 pasta, realizaram visita \u00e0 Guarda Municipal da cidade de Contagem, na regi\u00e3o metropolitana de Belo Horizonte, nesta sexta-feira, 30. O objetivo da equipe \u00e9 conhecer o modo de trabalho, projetos e tecnologias adotadas pela institui\u00e7\u00e3o, sob a perspectiva de troca de experi\u00eancias para o refor\u00e7o das a\u00e7\u00f5es de seguran\u00e7a p\u00fablica no munic\u00edpio.<\/p>\n<p>Segundo informa\u00e7\u00f5es do site da Prefeitura de Juiz de Fora, em uma recep\u00e7\u00e3o festiva, com apresenta\u00e7\u00e3o de banda de m\u00fasica, foi apresentado \u00e0 comitiva o time feminino da seguran\u00e7a da cidade. No munic\u00edpio, a pasta tamb\u00e9m \u00e9 conduzida por uma mulher, a soci\u00f3loga, advogada e especialista em seguran\u00e7a p\u00fablica, Paola Cristina Soares da Silva. As coincid\u00eancias n\u00e3o param por a\u00ed. A subcomandante da Guarda Municipal, Elaine Albuquerque, foi surpreendida com a presen\u00e7a de uma mulher no mesmo cargo da institui\u00e7\u00e3o coirm\u00e3, a guarda e subcomandante Anita Domingos. As subsecretarias de Seguran\u00e7a e de Defesa Civil seguem o modelo, sendo geridas por mulheres.<\/p>\n<p>Para a secret\u00e1ria, a visita tem o sentido de aproxima\u00e7\u00e3o e de interc\u00e2mbio de a\u00e7\u00f5es exitosas, com uma corpora\u00e7\u00e3o cujo trabalho possui refer\u00eancias exemplares. \u201cA troca de experi\u00eancia \u00e9 sempre um bom caminho. Nossa inten\u00e7\u00e3o \u00e9 ver de perto o funcionamento das atividades executadas pela corpora\u00e7\u00e3o, analisar o que est\u00e1 dando certo, propiciando o incremento da nossa atua\u00e7\u00e3o e vislumbrando novas formas de trabalhar por Juiz de Fora\u201d, afirma a secret\u00e1ria.<\/p>\n<p>A Guarda Municipal de Contagem tem 14 anos de atua\u00e7\u00e3o e conta com um contingente de mais de 400 integrantes. A Guarda de Juiz de Fora, completou 12 anos de atua\u00e7\u00e3o em dezembro e possui 114 membros.<\/p>\n","protected":false},"excerpt":{"rendered":"<p>A secret\u00e1ria de Seguran\u00e7a Urbana e Cidadania, da Prefeitura de Juiz de Fora (PJF), Let\u00edcia Paiva Delgado, juntamente com representantes da Guarda Municipal, \u00f3rg\u00e3o pertencente \u00e0 pasta, realizaram visita \u00e0 Guarda Municipal da cidade de Contagem, na regi\u00e3o metropolitana de Belo Horizonte, nesta sexta-feira, 30. O objetivo da equipe \u00e9 conhecer o modo de trabalho, [&hellip;]<\/p>\n","protected":false},"author":246,"featured_media":186204,"comment_status":"closed","ping_status":"closed","sticky":false,"template":"","format":"standard","meta":{"footnotes":""},"categories":[253,436,439],"tags":[],"class_list":["post-186203","post","type-post","status-publish","format-standard","has-post-thumbnail","hentry","category-cidade","category-destaque-da-semana","category-ultima-hora"],"_links":{"self":[{"href":"https:\/\/diarioregionaldigital.com.br\/index.php?rest_route=\/wp\/v2\/posts\/186203","targetHints":{"allow":["GET"]}}],"collection":[{"href":"https:\/\/diarioregionaldigital.com.br\/index.php?rest_route=\/wp\/v2\/posts"}],"about":[{"href":"https:\/\/diarioregionaldigital.com.br\/index.php?rest_route=\/wp\/v2\/types\/post"}],"author":[{"embeddable":true,"href":"https:\/\/diarioregionaldigital.com.br\/index.php?rest_route=\/wp\/v2\/users\/246"}],"replies":[{"embeddable":true,"href":"https:\/\/diarioregionaldigital.com.br\/index.php?rest_route=%2Fwp%2Fv2%2Fcomments&post=186203"}],"version-history":[{"count":1,"href":"https:\/\/diarioregionaldigital.com.br\/index.php?rest_route=\/wp\/v2\/posts\/186203\/revisions"}],"predecessor-version":[{"id":186205,"href":"https:\/\/diarioregionaldigital.com.br\/index.php?rest_route=\/wp\/v2\/posts\/186203\/revisions\/186205"}],"wp:featuredmedia":[{"embeddable":true,"href":"https:\/\/diarioregionaldigital.com.br\/index.php?rest_route=\/wp\/v2\/media\/186204"}],"wp:attachment":[{"href":"https:\/\/diarioregionaldigital.com.br\/index.php?rest_route=%2Fwp%2Fv2%2Fmedia&parent=186203"}],"wp:term":[{"taxonomy":"category","embeddable":true,"href":"https:\/\/diarioregionaldigital.com.br\/index.php?rest_route=%2Fwp%2Fv2%2Fcategories&post=186203"},{"taxonomy":"post_tag","embeddable":true,"href":"https:\/\/diarioregionaldigital.com.br\/index.php?rest_route=%2Fwp%2Fv2%2Ftags&post=186203"}],"curies":[{"name":"wp","href":"https:\/\/api.w.org\/{rel}","templated":true}]}}