{"id":186200,"date":"2021-07-30T17:08:33","date_gmt":"2021-07-30T20:08:33","guid":{"rendered":"https:\/\/diarioregionaldigital.com.br\/?p=186200"},"modified":"2021-07-30T17:08:33","modified_gmt":"2021-07-30T20:08:33","slug":"cesama-remodela-mais-170-metros-de-redes-de-esgoto-no-bom-clima","status":"publish","type":"post","link":"https:\/\/diarioregionaldigital.com.br\/?p=186200","title":{"rendered":"Cesama remodela mais 170 metros de redes de esgoto no Bom Clima"},"content":{"rendered":"<p>Nesta semana, a Companhia de Saneamento Municipal (Cesama) da Prefeitura de Juiz de Fora (PJF) deu in\u00edcio \u00e0 obra de remodela\u00e7\u00e3o de 170 metros de redes de esgoto na rua Thiers Cerutti, no bairro Bom Clima. A previs\u00e3o \u00e9 de que a interven\u00e7\u00e3o seja conclu\u00edda em meados de agosto.<\/p>\n<p>Segundo informa\u00e7\u00f5es do site da Prefeitura de Juiz de Fora, a a\u00e7\u00e3o tem como objetivo refor\u00e7ar o sistema de coleta da via, substituindo as antigas manilhas de barro, utilizadas at\u00e9 ent\u00e3o, por novos tubos de PVC com 150 mil\u00edmetros de di\u00e2metro. A obra complementa os trabalhos da companhia na comunidade, onde, este ano, j\u00e1 foram remodelados 770 metros de redes de esgoto nas ruas Jos\u00e9 Ant\u00f4nio Mendes, Virg\u00ednia Noceli, Jo\u00e3o Faria J\u00fanior, Professor Caetano Evangelista e Jackes de Freitas Teixeira.<\/p>\n<p>Para a execu\u00e7\u00e3o dos servi\u00e7os foi preciso interditar totalmente o tr\u00e2nsito na via, de segunda a sexta-feira, das 7h \u00e0s 17h. Assim, a Cesama pede aos moradores que, se poss\u00edvel, retirem seus ve\u00edculos da rua antes do in\u00edcio dos trabalhos.<\/p>\n<p>As a\u00e7\u00f5es de remodela\u00e7\u00e3o s\u00e3o realizadas ao longo de todo o ano, seguindo programa\u00e7\u00e3o de prioridades, quando \u00e9 avaliada a necessidade de troca. Esta an\u00e1lise leva em conta a antiguidade e o desgaste do material, o fato de o dimensionamento da tubula\u00e7\u00e3o j\u00e1 n\u00e3o ser compat\u00edvel com o n\u00famero de im\u00f3veis atendidos e os transtornos causados aos usu\u00e1rios do sistema, al\u00e9m dos custos de manuten\u00e7\u00e3o.<\/p>\n","protected":false},"excerpt":{"rendered":"<p>Nesta semana, a Companhia de Saneamento Municipal (Cesama) da Prefeitura de Juiz de Fora (PJF) deu in\u00edcio \u00e0 obra de remodela\u00e7\u00e3o de 170 metros de redes de esgoto na rua Thiers Cerutti, no bairro Bom Clima. A previs\u00e3o \u00e9 de que a interven\u00e7\u00e3o seja conclu\u00edda em meados de agosto. Segundo informa\u00e7\u00f5es do site da Prefeitura [&hellip;]<\/p>\n","protected":false},"author":246,"featured_media":186201,"comment_status":"closed","ping_status":"closed","sticky":false,"template":"","format":"standard","meta":{"footnotes":""},"categories":[253,436,439],"tags":[],"class_list":["post-186200","post","type-post","status-publish","format-standard","has-post-thumbnail","hentry","category-cidade","category-destaque-da-semana","category-ultima-hora"],"_links":{"self":[{"href":"https:\/\/diarioregionaldigital.com.br\/index.php?rest_route=\/wp\/v2\/posts\/186200","targetHints":{"allow":["GET"]}}],"collection":[{"href":"https:\/\/diarioregionaldigital.com.br\/index.php?rest_route=\/wp\/v2\/posts"}],"about":[{"href":"https:\/\/diarioregionaldigital.com.br\/index.php?rest_route=\/wp\/v2\/types\/post"}],"author":[{"embeddable":true,"href":"https:\/\/diarioregionaldigital.com.br\/index.php?rest_route=\/wp\/v2\/users\/246"}],"replies":[{"embeddable":true,"href":"https:\/\/diarioregionaldigital.com.br\/index.php?rest_route=%2Fwp%2Fv2%2Fcomments&post=186200"}],"version-history":[{"count":1,"href":"https:\/\/diarioregionaldigital.com.br\/index.php?rest_route=\/wp\/v2\/posts\/186200\/revisions"}],"predecessor-version":[{"id":186202,"href":"https:\/\/diarioregionaldigital.com.br\/index.php?rest_route=\/wp\/v2\/posts\/186200\/revisions\/186202"}],"wp:featuredmedia":[{"embeddable":true,"href":"https:\/\/diarioregionaldigital.com.br\/index.php?rest_route=\/wp\/v2\/media\/186201"}],"wp:attachment":[{"href":"https:\/\/diarioregionaldigital.com.br\/index.php?rest_route=%2Fwp%2Fv2%2Fmedia&parent=186200"}],"wp:term":[{"taxonomy":"category","embeddable":true,"href":"https:\/\/diarioregionaldigital.com.br\/index.php?rest_route=%2Fwp%2Fv2%2Fcategories&post=186200"},{"taxonomy":"post_tag","embeddable":true,"href":"https:\/\/diarioregionaldigital.com.br\/index.php?rest_route=%2Fwp%2Fv2%2Ftags&post=186200"}],"curies":[{"name":"wp","href":"https:\/\/api.w.org\/{rel}","templated":true}]}}